{"id":31,"date":"2020-03-09T07:00:53","date_gmt":"2020-03-09T06:00:53","guid":{"rendered":"http:\/\/psallite.net\/wp\/?p=31"},"modified":"2020-05-30T12:36:06","modified_gmt":"2020-05-30T10:36:06","slug":"iii-domenica-del-tempo-di-quaresima-anno-a","status":"publish","type":"post","link":"https:\/\/psallite.net\/wp\/2020\/03\/09\/iii-domenica-del-tempo-di-quaresima-anno-a\/","title":{"rendered":"III Domenica del Tempo di Quaresima &#8211; anno A"},"content":{"rendered":"\r\n<h3 class=\"wp-block-heading\">La riflessione e la proposta di repertorio musicale per la liturgia<\/h3>\r\n\r\n\r\n\r\n<div><span style=\"color: #ff0000;\"><strong><img loading=\"lazy\" decoding=\"async\" class=\"wp-image-66 size-medium alignleft\" src=\"https:\/\/psallite.net\/wp\/wp-content\/uploads\/2020\/03\/digiuno-almost-time-4792635_640-300x203.jpg\" alt=\"\" width=\"300\" height=\"203\" srcset=\"https:\/\/psallite.net\/wp\/wp-content\/uploads\/2020\/03\/digiuno-almost-time-4792635_640-300x203.jpg 300w, https:\/\/psallite.net\/wp\/wp-content\/uploads\/2020\/03\/digiuno-almost-time-4792635_640.jpg 640w\" sizes=\"auto, (max-width: 300px) 100vw, 300px\" \/>III Domenica del Tempo di Quaresima &#8211; anno A<\/strong><\/span><strong><br \/><\/strong><em>(Domenica della Samaritana)<\/em><strong><br \/><\/strong><strong>15 Marzo 2020<br \/><\/strong><strong><br \/>Preghiera di COLLETTA<\/strong><br \/><em>O Dio, sorgente della vita,<br \/>tu offri all&#8217;umanit\u00e0\u00a0 riarsa dalla sete<br \/>l&#8217;acqua viva della grazia che scaturisce dalla roccia, Cristo salvatore;<br \/>concedi al tuo popolo il dono dello Spirito,<br \/>perch\u00e9 sappia professare con forza la sua fede,<br \/>e annunzi con gioia le meraviglie del tuo amore.<br \/>Per il nostro Signore Ges\u00f9 Cristo,<br \/>tuo Figlio, che \u00e8 Dio, e vive e regna con te,<br \/>nell&#8217;unit\u00e0\u00a0 dello Spirito Santo,<br \/>per tutti i secoli dei secoli. AMEN.<br \/><\/em><em><br \/><\/em><strong>La riflessione <\/strong><em>di Suor Maria Alessia Giovanna Pantaleo<\/em><strong><br \/><\/strong>\r\n<div>L&#8217;acqua, elemento essenziale per la vita dell&#8217;uomo, fu per gli ebrei nel deserto segno inequivocabile della presenza di Dio in mezzo a loro.<br \/>Tuttavia, quest&#8217;acqua non \u00e8 che una figura del Messia, colui che sar\u00e0\u00a0 fonte di acqua non materiale, ma spirituale: \u00abTutti bevvero la stessa bevanda spirituale: bevevano infatti da una roccia spirituale che li accompagnava, e quella roccia era il Cristo\u00bb (1Cor 10,4).<br \/>Anche la Samaritana \u00e8 chiamata da Ges\u00f9 a compiere un salto di qualit\u00e0\u00a0, a guardarsi dentro pi\u00f9 profondamente e ad accorgersi che, ancor pi\u00f9 della seta materiale, l&#8217;uomo soffre di una sete pi\u00f9 profonda: quella interiore, spirituale.<br \/>\u00c8 questa sete che Ges\u00f9 vuole colmare attraverso la sua passione e risurrezione: \u00e8 lui la roccia viva dalla quale scaturisce l&#8217;acqua che disseta per la vita eterna.<br \/>Ed \u00e8 nel battesimo che l&#8217;uomo s&#8217;immerge nell&#8217;acqua viva che sgorga dal cuore squarciato di Cristo, acqua che purifica, disseta e diventa nel cuore del credente \u00abfontana zampillante\u00bb.<\/div>\r\n<div>\u00a0<\/div>\r\n<\/div>\r\n\r\n\r\n\r\n<div class=\"wp-block-group\">\r\n<div class=\"wp-block-group__inner-container is-layout-flow wp-block-group-is-layout-flow\">\r\n<div><strong>Il repertorio musicale per la celebrazione eucaristica<\/strong><em> di Don Graziano Ghisolfi<\/em><br \/>Abbreviazioni<br \/>AdV<em>: Armonia di Voci<\/em><em> (LDC, Leumann &#8211; Torino, edizione 1997)<\/em><br \/>CdP<em>: Nella Casa del Padre (LDC, Leumann &#8211; Torino, edizione 1997)<br \/><\/em>CD: <em>Cantemus Domino<\/em><em> (Repertorio Diocesi di Milano, Centro Ambrosiano, 1992)<\/em><br \/>CL: <em>Concordi Laetitia (Repertorio Diocesi di Cremona, Nuova Editrice Cremonese, 2003)<\/em><br \/>LD<em>: Lodate Dio (Repertorio Diocesi di Lugano, Carrara, 1985, 3\u00b0 ed.)<\/em><br \/>MeA: Musica e Assemblea<em> (EDB, Bologna)<\/em><br \/>RN<em>: Repertorio Nazionale di Canti per la Liturgia<br \/><\/em>Psallite<em>: Repertorio di canti per la liturgia del sito web Psallite!<\/em><br \/><br \/>Ingresso<br \/><strong>ATTENDE, DOMINE <\/strong>(Melodia tradizionale; RN 78 &#8211; CL 15)<br \/><em>oppure<\/em><br \/><strong>GRANDI E MIRABILI LE TUE OPERE <\/strong>&#8211; strofe 3\u00b0 Domenica (F.Rainoldi &#8211; RN 84 &#8211; AdV 1994\/6)<br \/><br \/>Atto penitenziale<br \/><strong>DONO DI GRAZIA<\/strong> (S.Albisetti-M.Cr\u00fcger; RN 82 &#8211; CdP 493)<br \/><br \/>Salmo Responsoriale<br \/><strong>Ascoltate oggi la voce del Signore: non indurite il vostro cuore<\/strong><br \/>(www.chiesacattolica.it\/quaresima2017<br \/><em>oppure<\/em> A.Pantaleo &#8211; Repertorio Psallite)<br \/><br \/>Canto al Vangelo<br \/><strong>CRISTO SIGNORE, GLORIA E LODE A TE <\/strong>(F.Rainoldi; RN 15 &#8211; CdP 279)<br \/><br \/>Presentazione dei doni<br \/><strong>IL PADRE CI HA CHIAMATI<\/strong> (M.Palombella, D.De Risi; RN 85)<br \/><br \/>Santo<br \/><strong>SANTO &#8211; Quaresima <\/strong>(A.Parisi; Canta e cammina)<br \/><br \/>Anamnesi<br \/><strong>TU CI HAI REDENTI <\/strong>(B.Cerino; RN 30 &#8211; CdP 335)<br \/><br \/>Frazione del pane<br \/><strong>AGNELLO DI DIO <\/strong>(L.Picchi; RN 37 &#8211; CdP 381 &#8211; CL 113)<br \/><br \/>Comunione<br \/><strong>ACQUA VIVA <\/strong>(L.Impagliatelli; Repertorio Psallite)<br \/><em>oppure<\/em><br \/><strong>SE TU CONOSCESSI IL DONO DI DIO <\/strong>(L.Di Simone, G.Liberto; RN 95)<br \/><em>oppure<\/em><br \/><strong>ANTIFONE DELLE DOMENICHE DI QUARESIMA &#8211; Anno A<\/strong> (D.Machetta; RN 77)<br \/><em>oppure<\/em><br \/><strong>SOCCORRI I TUOI FIGLI <\/strong>(F.Rainoldi; RN 98 &#8211; CdP 500)<br \/><br \/>Congedo<br \/><strong>IL SIGNORE CI HA SALVATI <\/strong>(A.Roncari, L.Capello; RN 86 &#8211; CdP 494)<\/div>\r\n\r\n\r\n\r\n<p>&nbsp;<\/p>\r\n<\/div>\r\n<\/div>\r\n","protected":false},"excerpt":{"rendered":"<p>La riflessione e la proposta di repertorio musicale per la liturgia III Domenica del Tempo di Quaresima &#8211; anno A(Domenica<\/p>\n","protected":false},"author":1,"featured_media":66,"comment_status":"open","ping_status":"open","sticky":false,"template":"","format":"standard","meta":{"colormag_page_container_layout":"default_layout","colormag_page_sidebar_layout":"default_layout","_jetpack_memberships_contains_paid_content":false,"footnotes":"","jetpack_publicize_message":"","jetpack_publicize_feature_enabled":true,"jetpack_social_post_already_shared":false,"jetpack_social_options":{"image_generator_settings":{"template":"highway","default_image_id":0,"font":"","enabled":false},"version":2}},"categories":[2],"tags":[56,57,66,58,38],"class_list":["post-31","post","type-post","status-publish","format-standard","has-post-thumbnail","hentry","category-cantare-il-giorno-del-signore","tag-anno-a","tag-don-graziano-ghisolfi","tag-pentecoste","tag-suor-maria-alessia-pantaleo-ajc","tag-tempo-di-quaresima"],"views":348,"jetpack_publicize_connections":[],"jetpack_featured_media_url":"https:\/\/psallite.net\/wp\/wp-content\/uploads\/2020\/03\/digiuno-almost-time-4792635_640.jpg","jetpack_sharing_enabled":true,"jetpack_likes_enabled":true,"_links":{"self":[{"href":"https:\/\/psallite.net\/wp\/wp-json\/wp\/v2\/posts\/31","targetHints":{"allow":["GET"]}}],"collection":[{"href":"https:\/\/psallite.net\/wp\/wp-json\/wp\/v2\/posts"}],"about":[{"href":"https:\/\/psallite.net\/wp\/wp-json\/wp\/v2\/types\/post"}],"author":[{"embeddable":true,"href":"https:\/\/psallite.net\/wp\/wp-json\/wp\/v2\/users\/1"}],"replies":[{"embeddable":true,"href":"https:\/\/psallite.net\/wp\/wp-json\/wp\/v2\/comments?post=31"}],"version-history":[{"count":11,"href":"https:\/\/psallite.net\/wp\/wp-json\/wp\/v2\/posts\/31\/revisions"}],"predecessor-version":[{"id":69,"href":"https:\/\/psallite.net\/wp\/wp-json\/wp\/v2\/posts\/31\/revisions\/69"}],"wp:featuredmedia":[{"embeddable":true,"href":"https:\/\/psallite.net\/wp\/wp-json\/wp\/v2\/media\/66"}],"wp:attachment":[{"href":"https:\/\/psallite.net\/wp\/wp-json\/wp\/v2\/media?parent=31"}],"wp:term":[{"taxonomy":"category","embeddable":true,"href":"https:\/\/psallite.net\/wp\/wp-json\/wp\/v2\/categories?post=31"},{"taxonomy":"post_tag","embeddable":true,"href":"https:\/\/psallite.net\/wp\/wp-json\/wp\/v2\/tags?post=31"}],"curies":[{"name":"wp","href":"https:\/\/api.w.org\/{rel}","templated":true}]}}