{"id":2991,"date":"2021-08-30T05:00:12","date_gmt":"2021-08-30T03:00:12","guid":{"rendered":"http:\/\/psallite.net\/wp\/?p=2991"},"modified":"2021-09-03T10:30:22","modified_gmt":"2021-09-03T08:30:22","slug":"xxiii-domenica-del-tempo-ordinario-anno-b","status":"publish","type":"post","link":"https:\/\/psallite.net\/wp\/2021\/08\/30\/xxiii-domenica-del-tempo-ordinario-anno-b\/","title":{"rendered":"XXIII Domenica del Tempo Ordinario \u2013 anno B"},"content":{"rendered":"<h4>La riflessione e la proposta di repertorio musicale per la liturgia<\/h4>\n<p><span style=\"color: #ff0000;\"><strong><a href=\"https:\/\/psallite.net\/wp\/wp-content\/uploads\/2021\/01\/Tempo-Ordinario-lezionario.png\"><img loading=\"lazy\" decoding=\"async\" class=\"size-medium wp-image-2152 alignleft\" src=\"https:\/\/psallite.net\/wp\/wp-content\/uploads\/2021\/01\/Tempo-Ordinario-lezionario-300x201.png\" alt=\"\" width=\"300\" height=\"201\" srcset=\"https:\/\/psallite.net\/wp\/wp-content\/uploads\/2021\/01\/Tempo-Ordinario-lezionario-300x201.png 300w, https:\/\/psallite.net\/wp\/wp-content\/uploads\/2021\/01\/Tempo-Ordinario-lezionario-768x515.png 768w, https:\/\/psallite.net\/wp\/wp-content\/uploads\/2021\/01\/Tempo-Ordinario-lezionario.png 997w\" sizes=\"auto, (max-width: 300px) 100vw, 300px\" \/><\/a>XXIII Domenica del Tempo Ordinario<\/strong><\/span><strong><span style=\"color: #ff0000;\"> &#8211; anno B<\/span><br \/>\n<\/strong><strong>5 Settembre 2021<br \/>\n<\/strong><br \/>\n<strong>Preghiera di COLLETTA<\/strong><br \/>\n<em>O Padre, che scegli i piccoli e i poveri<br \/>\nper farli ricchi nella fede ed eredi del tuo regno,<br \/>\naiutaci a dire la tua parola di coraggio<br \/>\na tutti gli smarriti di cuore,<br \/>\nperch\u00e9 si sciolgano le loro lingue<br \/>\ne tanta umanit\u00e0\u00a0 malata, incapace perfino di pregarti,<br \/>\ncanti con noi le tue meraviglie.<br \/>\nPer il nostro Signore Ges\u00f9 Cristo,<br \/>\ntuo Figlio, che \u00e8 Dio, e vive e regna con te,<br \/>\nnell&#8217;unit\u00e0\u00a0 dello Spirito Santo,<br \/>\nper tutti i secoli dei secoli. AMEN.<br \/>\n<\/em><br \/>\n<strong>La riflessione <\/strong><em>di Suor Maria Alessia Giovanna Pantaleo<\/em><br \/>\nDio non fa preferenze di persone e se ha una preferenza \u00e8 per gli umili, i poveri, i sofferenti.<\/p>\n<div align=\"&quot;justify&quot;\">\n<p>L&#8217;umilt\u00e0\u00a0 e la povert\u00e0\u00a0 sono preziose davanti a Dio non perch\u00e9 Dio si compiace di vedere l&#8217;uomo nell&#8217;indigenza e nella sofferenza, ma perch\u00e9 la povert\u00e0\u00a0 materiale dispone l&#8217;uomo alla povert\u00e0\u00a0 interiore e a riconoscere la propria insufficienza e debolezza, riponendo in Dio ogni fiducia e speranza.<\/p>\n<p>La guarigione del sordomuto \u00e8 anch&#8217;essa simbolo e segno di una realt\u00e0\u00a0 pi\u00f9 profonda e di una trasformazione e guarigione interiore: come il sordomuto, il cristiano rigenerato da Cristo non \u00e8 pi\u00f9 interiormente n\u00e9 sordo, n\u00e9 muto, n\u00e9 cieco, n\u00e9 zoppo perch\u00e9 il suo spirito \u00e8 aperto alla fede, \u00e8 capace di conoscere Dio e di camminare per le sue vie.<\/p>\n<p>\u00c8 quanto avviene nel sacramento del Battesimo dove il celebrante ripete il gesto di Ges\u00f9 &#8211; il tocco delle orecchie e della bocca &#8211; e prega: \u00abIl Signore Ges\u00f9, che fece udire i sordi e parlare i muti, ti conceda di ascoltare presto la sua parola e di professare la tua fede\u00bb.<\/p>\n<div align=\"&quot;justify&quot;\">\n<p><strong>Il repertorio musicale per la celebrazione eucaristica<\/strong><em> di Don Graziano Ghisolfi<\/em><br \/>\nAbbreviazioni<br \/>\nAdV<em>: Armonia di Voci<\/em><em> (LDC, Leumann &#8211; Torino, edizione 1997)<\/em><br \/>\nCdP<em>: Nella Casa del Padre (LDC, Leumann &#8211; Torino, edizione 1997)<br \/>\n<\/em>CD: <em>Cantemus Domino<\/em><em> (Repertorio Diocesi di Milano, Centro Ambrosiano, 1992)<\/em><br \/>\nLD<em>: Lodate Dio (Repertorio Diocesi di Lugano, Carrara, 1985, 3\u00b0 ed.)<\/em><br \/>\nMeA: Musica e Assemblea<em> (EDB, Bologna)<\/em><br \/>\nRN<em>: Repertorio Nazionale di Canti per la Liturgia<br \/>\n<\/em>Psallite<em>: Repertorio di canti per la liturgia del sito web Psallite!<\/em><\/p>\n<p>Ingresso<br \/>\n<strong>LO SPIRITO DEL SIGNORE<\/strong> (M.Frisina; RN 290)<br \/>\n<em>oppure<\/em><br \/>\n<strong>LO SPIRITO DEL SIGNORE<\/strong> (Ferrero-D&#8217;Andrea-Deiss; RN 112)<\/p>\n<p>Atto penitenziale<br \/>\n<strong>CHIEDIAMO AL SIGNORE SALVEZZA E PERDONO<\/strong> (C.Corio; CdP 213)<\/p>\n<p>Inno di lode<br \/>\n<strong>GLORIA A DIO<\/strong> (F.Rainoldi; RN 6ord &#8211; CdP 221)<\/p>\n<p>Salmo Responsoriale<br \/>\n<strong>Loda il Signore, anima mia<\/strong> (\u00a0(<a href=\"https:\/\/www.teleradiopadrepio.it\/wp-content\/uploads\/Impagliatelli-salmo-toB23-1.pdf\" target=\"_blank\" rel=\"noopener\">pdf<\/a>\/<a href=\"https:\/\/www.teleradiopadrepio.it\/wp-content\/uploads\/salmo-toB23-1.mp3\" target=\"_blank\" rel=\"noopener\">mp3<\/a>\u00a0da \u201c<em>Voce di Padre Pio\u201d<\/em>)<br \/>\n<em>oppure<br \/>\n<\/em><div class='w3eden'><!-- WPDM Link Template: Default Template -->\n\n<div class=\"link-template-default card mb-2\">\n    <div class=\"card-body\">\n        <div class=\"media\">\n            <div class=\"mr-3 img-48\"><img decoding=\"async\" class=\"wpdm_icon\" alt=\"Icona\"   src=\"http:\/\/psallite.net\/wp\/wp-content\/plugins\/download-manager\/assets\/file-type-icons\/pdf.svg\" \/><\/div>\n            <div class=\"media-body\">\n                <h3 class=\"package-title\"><a href='https:\/\/psallite.net\/wp\/download\/xxiii-domenica-tempo-ordinario-anno-b-suor-maria-alessia-pantaleo\/'>XXIII Domenica Tempo Ordinario - anno B [Suor Maria Alessia Pantaleo]<\/a><\/h3>\n                <div class=\"text-muted text-small\"><i class=\"fas fa-copy\"><\/i> 1 file <i class=\"fas fa-hdd ml-3\"><\/i> 118 KB<\/div>\n            <\/div>\n            <div class=\"ml-3\">\n                <a class='wpdm-download-link download-on-click btn btn-primary ' rel='nofollow' href='#' data-downloadurl=\"https:\/\/psallite.net\/wp\/download\/xxiii-domenica-tempo-ordinario-anno-b-suor-maria-alessia-pantaleo\/?wpdmdl=3435&refresh=69f362984fd0a1777558168\">Download<\/a>\n            <\/div>\n        <\/div>\n    <\/div>\n<\/div>\n\n<\/div><em><br \/>\n<\/em><\/p>\n<p>Canto al Vangelo<br \/>\n<strong>ALLELUIA! CANTATE AL SIGNORE<\/strong> (O&#8217; Carrol-Walker; RN 13ord &#8211; CdP 269)<\/p>\n<p>Professione di fede<br \/>\n<strong>CREDO<\/strong> (A.Parisi; Psallite)<\/p>\n<p>Presentazione dei doni<br \/>\n<strong>SALGA DA QUESTO ALTARE<\/strong> (S.Albisetti-L.Picchi; CdP 309)<\/p>\n<p>Santo<br \/>\n<strong>SANTO<\/strong> (J.Dykes; RN 22ord &#8211; CdP 316)<\/p>\n<p>Anamnesi<br \/>\n<strong>ANNUNCIAMO LA TUA MORTE, SIGNORE<\/strong> (G.Stefani; RN 26ord &#8211; CdP 327)<\/p>\n<p>Dossologia<br \/>\n<strong>AMEN! <\/strong>(G.M.Rossi; RN 30ord &#8211; CdP 342)<\/p>\n<p>Embolismo<br \/>\n<strong>TUO \u00c8 IL REGNO<\/strong> (A.Kunc; RN 33ord &#8211; CdP 374)<\/p>\n<p>Frazione del pane<br \/>\n<strong>AGNELLO DI DIO <\/strong>(E.Costa; RN 35ord &#8211; CdP 385)<\/p>\n<p>Comunione<br \/>\n<strong>IL PANE DEL CAMMINO<\/strong> (Motta-Sequeri; RN 358 &#8211; CdP 663)<br \/>\n<em>oppure<\/em><br \/>\n<strong>COME UNA CERVA ANELA<\/strong> (G.Stefani; RN 156 &#8211; CdP 104)<\/p>\n<p>Congedo<br \/>\n<strong>GIOIA DEL CUORE<\/strong> (F.Rainoldi-E.Costa-G.G.Gastoldi; RN 279 &#8211; CdP 648)<\/p>\n<\/div>\n<\/div>\n","protected":false},"excerpt":{"rendered":"<p>La riflessione e la proposta di repertorio musicale per la liturgia XXIII Domenica del Tempo Ordinario &#8211; anno B 5<\/p>\n","protected":false},"author":1,"featured_media":2152,"comment_status":"open","ping_status":"open","sticky":false,"template":"","format":"standard","meta":{"colormag_page_container_layout":"default_layout","colormag_page_sidebar_layout":"default_layout","_jetpack_memberships_contains_paid_content":false,"footnotes":"","jetpack_publicize_message":"","jetpack_publicize_feature_enabled":true,"jetpack_social_post_already_shared":true,"jetpack_social_options":{"image_generator_settings":{"template":"highway","default_image_id":0,"font":"","enabled":false},"version":2}},"categories":[2],"tags":[108,57,58,45],"class_list":["post-2991","post","type-post","status-publish","format-standard","has-post-thumbnail","hentry","category-cantare-il-giorno-del-signore","tag-anno-b","tag-don-graziano-ghisolfi","tag-suor-maria-alessia-pantaleo-ajc","tag-tempo-ordinario"],"views":1859,"jetpack_publicize_connections":[],"jetpack_featured_media_url":"https:\/\/psallite.net\/wp\/wp-content\/uploads\/2021\/01\/Tempo-Ordinario-lezionario.png","jetpack_sharing_enabled":true,"jetpack_likes_enabled":true,"_links":{"self":[{"href":"https:\/\/psallite.net\/wp\/wp-json\/wp\/v2\/posts\/2991","targetHints":{"allow":["GET"]}}],"collection":[{"href":"https:\/\/psallite.net\/wp\/wp-json\/wp\/v2\/posts"}],"about":[{"href":"https:\/\/psallite.net\/wp\/wp-json\/wp\/v2\/types\/post"}],"author":[{"embeddable":true,"href":"https:\/\/psallite.net\/wp\/wp-json\/wp\/v2\/users\/1"}],"replies":[{"embeddable":true,"href":"https:\/\/psallite.net\/wp\/wp-json\/wp\/v2\/comments?post=2991"}],"version-history":[{"count":9,"href":"https:\/\/psallite.net\/wp\/wp-json\/wp\/v2\/posts\/2991\/revisions"}],"predecessor-version":[{"id":3470,"href":"https:\/\/psallite.net\/wp\/wp-json\/wp\/v2\/posts\/2991\/revisions\/3470"}],"wp:featuredmedia":[{"embeddable":true,"href":"https:\/\/psallite.net\/wp\/wp-json\/wp\/v2\/media\/2152"}],"wp:attachment":[{"href":"https:\/\/psallite.net\/wp\/wp-json\/wp\/v2\/media?parent=2991"}],"wp:term":[{"taxonomy":"category","embeddable":true,"href":"https:\/\/psallite.net\/wp\/wp-json\/wp\/v2\/categories?post=2991"},{"taxonomy":"post_tag","embeddable":true,"href":"https:\/\/psallite.net\/wp\/wp-json\/wp\/v2\/tags?post=2991"}],"curies":[{"name":"wp","href":"https:\/\/api.w.org\/{rel}","templated":true}]}}