{"id":2970,"date":"2021-06-21T05:00:48","date_gmt":"2021-06-21T03:00:48","guid":{"rendered":"http:\/\/psallite.net\/wp\/?p=2970"},"modified":"2021-06-17T09:45:58","modified_gmt":"2021-06-17T07:45:58","slug":"xiii-domenica-del-tempo-ordinario-anno-b","status":"publish","type":"post","link":"https:\/\/psallite.net\/wp\/2021\/06\/21\/xiii-domenica-del-tempo-ordinario-anno-b\/","title":{"rendered":"XIII Domenica del Tempo Ordinario \u2013 anno B"},"content":{"rendered":"<h4>La riflessione e la proposta di repertorio musicale per la liturgia<\/h4>\n<p><span style=\"color: #ff0000;\"><strong><a href=\"https:\/\/psallite.net\/wp\/wp-content\/uploads\/2021\/01\/Tempo-Ordinario-lezionario.png\"><img loading=\"lazy\" decoding=\"async\" class=\"size-medium wp-image-2152 alignleft\" src=\"https:\/\/psallite.net\/wp\/wp-content\/uploads\/2021\/01\/Tempo-Ordinario-lezionario-300x201.png\" alt=\"\" width=\"300\" height=\"201\" srcset=\"https:\/\/psallite.net\/wp\/wp-content\/uploads\/2021\/01\/Tempo-Ordinario-lezionario-300x201.png 300w, https:\/\/psallite.net\/wp\/wp-content\/uploads\/2021\/01\/Tempo-Ordinario-lezionario-768x515.png 768w, https:\/\/psallite.net\/wp\/wp-content\/uploads\/2021\/01\/Tempo-Ordinario-lezionario.png 997w\" sizes=\"auto, (max-width: 300px) 100vw, 300px\" \/><\/a>XIII Domenica del Tempo Ordinario<\/strong><\/span><strong><span style=\"color: #ff0000;\"> &#8211; anno B<\/span><br \/>\n<\/strong><strong>27 Giugno 2021<br \/>\n<\/strong><br \/>\n<strong>Preghiera di COLLETTA<\/strong><br \/>\n<em>O Padre, che nel mistero del tuo Figlio<br \/>\npovero e crocifisso<br \/>\nhai voluto arricchirci di ogni bene,<br \/>\nfa&#8217; che non temiamo la povert\u00e0\u00a0 e la croce,<br \/>\nper portare ai nostri fratelli<br \/>\nil lieto annunzio della vita nuova.<br \/>\nPer il nostro Signore Ges\u00f9 Cristo,<br \/>\ntuo Figlio, che \u00e8 Dio, e vive e regna con te,<br \/>\nnell&#8217;unit\u00e0\u00a0 dello Spirito Santo,<br \/>\nper tutti i secoli dei secoli. Amen.<br \/>\n<\/em><br \/>\n<strong>La riflessione <\/strong><em>di Suor Maria Alessia Giovanna Pantaleo<\/em><strong><br \/>\n<\/strong>Ges\u00f9 \u00abda ricco che era, si \u00e8 fatto povero per voi, perch\u00e9 voi diventaste ricchi per mezzo della sua povert\u00e0 \u00bb, afferma san Paolo nella seconda lettura. E fra i beni pi\u00f9 grandi che Cristo ci ha fatto per mezzo della sua redenzione \u00e8 l&#8217;averci riscattati dalla morte eterna. Questo potere Egli lo ha dimostrato gi\u00e0\u00a0 dalle risurrezioni da Lui compiute. Il vangelo odierno,infatti, riferisce quella della figlia di Giairo. \u00c8 necessario rinforzare la fede per essere capaci di considerare la morte propria e altrui con occhi cristiano: la nascita alla vita eterna, l&#8217;incontro con Dio. Ed anche la carit\u00e0\u00a0 verso i poveri, la benevolenza, la generosit\u00e0\u00a0 concorrono a rendere l&#8217;uomo sereno di fronte alla morte perch\u00e9 ottengono il perdono dei peccati e arricchiscono per la vita eterna.<\/p>\n<hr \/>\n<p><strong>Il repertorio musicale per la celebrazione eucaristica<\/strong><em> di Don Graziano Ghisolfi<\/em><br \/>\nAbbreviazioni<br \/>\nAdV<em>: Armonia di Voci<\/em><em> (LDC, Leumann &#8211; Torino, edizione 1997)<\/em><br \/>\nCdP<em>: Nella Casa del Padre (LDC, Leumann &#8211; Torino, edizione 1997)<br \/>\n<\/em>CD: <em>Cantemus Domino<\/em><em> (Repertorio Diocesi di Milano, Centro Ambrosiano, 1992)<\/em><br \/>\nLD<em>: Lodate Dio (Repertorio Diocesi di Lugano, Carrara, 1985, 3\u00b0 ed.)<\/em><br \/>\nMeA: Musica e Assemblea<em> (EDB, Bologna)<\/em><br \/>\nRN<em>: Repertorio Nazionale di Canti per la Liturgia<br \/>\n<\/em>Psallite<em>: Repertorio di canti per la liturgia del sito web Psallite!<\/em><\/p>\n<p>Ingresso<br \/>\n<strong>SALMO 46 &#8211; POPOLI TUTTI BATTETE LE MANI<\/strong> (D.Stefani-J.Gelineau; RN 58 &#8211; CdP 106)<br \/>\n<em>oppure<\/em><br \/>\n<strong>LA BUONA NOVELLA<\/strong> (P.D\u00e9cha; RN 228 &#8211; AdV 1978\/5)<\/p>\n<p>Atto penitenziale<br \/>\n<strong>DIO GRANDE<\/strong> (E.Costa-G.Sobrero-J.Gelineau; CdP 211)<\/p>\n<p>Inno di lode<br \/>\n<strong>GLORIA A DIO<\/strong> (F.Rainoldi; RN 6ord &#8211; CdP 221)<\/p>\n<p>Salmo Responsoriale<br \/>\n<strong>Ti esalter\u00f2, Signore, perch\u00e9 mi hai risollevato<\/strong> (G.Ghisolfi; Psallite oppure \u00a0(<a href=\"https:\/\/www.teleradiopadrepio.it\/wp-content\/uploads\/salmo-toB13.mp3\" target=\"_blank\" rel=\"noopener\">pdf<\/a>\/<a href=\"https:\/\/www.teleradiopadrepio.it\/wp-content\/uploads\/Impagliatelli-salmo-toB13.pdf\" target=\"_blank\" rel=\"noopener\">mp3<\/a>\u00a0da \u201c<em>Voce di Padre Pio\u201d<\/em>)<br \/>\n<em>oppure<\/em><br \/>\n<div class='w3eden'><!-- WPDM Link Template: Default Template -->\n\n<div class=\"link-template-default card mb-2\">\n    <div class=\"card-body\">\n        <div class=\"media\">\n            <div class=\"mr-3 img-48\"><img decoding=\"async\" class=\"wpdm_icon\" alt=\"Icona\"   src=\"http:\/\/psallite.net\/wp\/wp-content\/plugins\/download-manager\/assets\/file-type-icons\/pdf.svg\" \/><\/div>\n            <div class=\"media-body\">\n                <h3 class=\"package-title\"><a href='https:\/\/psallite.net\/wp\/download\/xiii-domenica-tempo-ordinario-anno-b-suor-maria-alessia-pantaleo\/'>XIII Domenica Tempo Ordinario - anno B [Suor Maria Alessia Pantaleo]<\/a><\/h3>\n                <div class=\"text-muted text-small\"><i class=\"fas fa-copy\"><\/i> 1 file <i class=\"fas fa-hdd ml-3\"><\/i> 122 KB<\/div>\n            <\/div>\n            <div class=\"ml-3\">\n                <a class='wpdm-download-link download-on-click btn btn-primary ' rel='nofollow' href='#' data-downloadurl=\"https:\/\/psallite.net\/wp\/download\/xiii-domenica-tempo-ordinario-anno-b-suor-maria-alessia-pantaleo\/?wpdmdl=3245&refresh=69f30906e073e1777535238\">Download<\/a>\n            <\/div>\n        <\/div>\n    <\/div>\n<\/div>\n\n<\/div><\/p>\n<p>Canto al Vangelo<br \/>\n<strong>ALLELUIA! CANTATE AL SIGNORE!<\/strong> (D.Mosso-C.Walker; RN 13ord &#8211; CdP 269)<\/p>\n<p>Professione di fede<br \/>\n<strong>CREDO<\/strong> (A.Parisi; Psallite)<\/p>\n<p>Presentazione dei doni<br \/>\n<strong>GIOIA DEL CUORE<\/strong> (F.Rainoldi-E.costa-G.G.Gastoldi; RN 222 &#8211; CdP 648)<\/p>\n<p>Santo<br \/>\n<strong>SANTO <\/strong>(L.Cansani; RN 21ord &#8211; CdP 314))<\/p>\n<p>Anamnesi<br \/>\n<strong>ANNUNCIAMO LA TUA MORTE, SIGNORE<\/strong> (G.Stefani; RN 26ord &#8211; CdP 327)<\/p>\n<p>Dossologia<br \/>\n<strong>AMEN! <\/strong>(G.M.Rossi; RN 30ord &#8211; CdP 342)<\/p>\n<p>Embolismo<br \/>\n<strong>TUO \u00c8 IL REGNO<\/strong> (A.Kunc; RN 33ord &#8211; CdP 374)<\/p>\n<p>Frazione del pane<br \/>\n<strong>AGNELLO DI DIO <\/strong>(E.Costa; RN 35ord &#8211; CdP 385))<\/p>\n<p>Comunione<br \/>\n<strong>SALMO 33 &#8211; GUSTATE E VEDETE<\/strong> (J.Gelineau; CdP 101)<br \/>\n<em>oppure<\/em><br \/>\n<strong>TENDO LA MANO<\/strong> (D.Rimaud-E.Costa-M.Deflorian; RN 245 &#8211; CdP 734)<\/p>\n<p>Congedo<br \/>\n<strong>JUBILATE DEO<\/strong> (F.Rainoldi; RN 227 &#8211; AdV 1996\/1)<\/p>\n","protected":false},"excerpt":{"rendered":"<p>La riflessione e la proposta di repertorio musicale per la liturgia XIII Domenica del Tempo Ordinario &#8211; anno B 27<\/p>\n","protected":false},"author":1,"featured_media":2152,"comment_status":"open","ping_status":"open","sticky":false,"template":"","format":"standard","meta":{"colormag_page_container_layout":"default_layout","colormag_page_sidebar_layout":"default_layout","_jetpack_memberships_contains_paid_content":false,"footnotes":"","jetpack_publicize_message":"","jetpack_publicize_feature_enabled":true,"jetpack_social_post_already_shared":true,"jetpack_social_options":{"image_generator_settings":{"template":"highway","default_image_id":0,"font":"","enabled":false},"version":2}},"categories":[2],"tags":[108,57,58,45],"class_list":["post-2970","post","type-post","status-publish","format-standard","has-post-thumbnail","hentry","category-cantare-il-giorno-del-signore","tag-anno-b","tag-don-graziano-ghisolfi","tag-suor-maria-alessia-pantaleo-ajc","tag-tempo-ordinario"],"views":2014,"jetpack_publicize_connections":[],"jetpack_featured_media_url":"https:\/\/psallite.net\/wp\/wp-content\/uploads\/2021\/01\/Tempo-Ordinario-lezionario.png","jetpack_sharing_enabled":true,"jetpack_likes_enabled":true,"_links":{"self":[{"href":"https:\/\/psallite.net\/wp\/wp-json\/wp\/v2\/posts\/2970","targetHints":{"allow":["GET"]}}],"collection":[{"href":"https:\/\/psallite.net\/wp\/wp-json\/wp\/v2\/posts"}],"about":[{"href":"https:\/\/psallite.net\/wp\/wp-json\/wp\/v2\/types\/post"}],"author":[{"embeddable":true,"href":"https:\/\/psallite.net\/wp\/wp-json\/wp\/v2\/users\/1"}],"replies":[{"embeddable":true,"href":"https:\/\/psallite.net\/wp\/wp-json\/wp\/v2\/comments?post=2970"}],"version-history":[{"count":7,"href":"https:\/\/psallite.net\/wp\/wp-json\/wp\/v2\/posts\/2970\/revisions"}],"predecessor-version":[{"id":3268,"href":"https:\/\/psallite.net\/wp\/wp-json\/wp\/v2\/posts\/2970\/revisions\/3268"}],"wp:featuredmedia":[{"embeddable":true,"href":"https:\/\/psallite.net\/wp\/wp-json\/wp\/v2\/media\/2152"}],"wp:attachment":[{"href":"https:\/\/psallite.net\/wp\/wp-json\/wp\/v2\/media?parent=2970"}],"wp:term":[{"taxonomy":"category","embeddable":true,"href":"https:\/\/psallite.net\/wp\/wp-json\/wp\/v2\/categories?post=2970"},{"taxonomy":"post_tag","embeddable":true,"href":"https:\/\/psallite.net\/wp\/wp-json\/wp\/v2\/tags?post=2970"}],"curies":[{"name":"wp","href":"https:\/\/api.w.org\/{rel}","templated":true}]}}