{"id":2947,"date":"2021-05-24T00:42:44","date_gmt":"2021-05-23T22:42:44","guid":{"rendered":"http:\/\/psallite.net\/wp\/?p=2947"},"modified":"2022-06-03T16:24:15","modified_gmt":"2022-06-03T14:24:15","slug":"santissima-trinita-anno-b","status":"publish","type":"post","link":"https:\/\/psallite.net\/wp\/2021\/05\/24\/santissima-trinita-anno-b\/","title":{"rendered":"Ss.Trinit\u00e0  &#8211; anno B"},"content":{"rendered":"<h4>La riflessione e la proposta di repertorio musicale per la liturgia<\/h4>\n<p><span style=\"color: #ff0000;\"><strong><a href=\"https:\/\/psallite.net\/wp\/wp-content\/uploads\/2021\/02\/icona-della-trinita-Rublev-1410.jpg\"><img loading=\"lazy\" decoding=\"async\" class=\"size-medium wp-image-2402 alignleft\" src=\"https:\/\/psallite.net\/wp\/wp-content\/uploads\/2021\/02\/icona-della-trinita-Rublev-1410-241x300.jpg\" alt=\"\" width=\"241\" height=\"300\" srcset=\"https:\/\/psallite.net\/wp\/wp-content\/uploads\/2021\/02\/icona-della-trinita-Rublev-1410-241x300.jpg 241w, https:\/\/psallite.net\/wp\/wp-content\/uploads\/2021\/02\/icona-della-trinita-Rublev-1410-822x1024.jpg 822w, https:\/\/psallite.net\/wp\/wp-content\/uploads\/2021\/02\/icona-della-trinita-Rublev-1410-768x956.jpg 768w, https:\/\/psallite.net\/wp\/wp-content\/uploads\/2021\/02\/icona-della-trinita-Rublev-1410-1233x1536.jpg 1233w, https:\/\/psallite.net\/wp\/wp-content\/uploads\/2021\/02\/icona-della-trinita-Rublev-1410.jpg 1300w\" sizes=\"auto, (max-width: 241px) 100vw, 241px\" \/><\/a>Santissima Trinit\u00e0\u00a0<\/strong><\/span><strong><strong><span style=\"color: #ff0000;\">\u00a0&#8211; anno B<\/span><br \/>\n30 Maggio 2021<\/strong><\/strong><\/p>\n<p>Preghiera di COLLETTA<br \/>\n<em>O Dio altissimo, che nelle acque del Battesimo<br \/>\nci hai fatto tutti figli nel tuo unico Figlio,<br \/>\nascolta il grido dello Spirito che in noi ti chiama Padre,<br \/>\ne fa&#8217; che obbedendo al comando del Salvatore,<br \/>\ndiventiamo annunziatori della salvezza<br \/>\nofferta a tutti i popoli.<br \/>\nPer il nostro Signore Ges\u00f9 Cristo,<br \/>\ntuo Figlio, che \u00e8 Dio, e vive e regna con te,<br \/>\nnell&#8217;unit\u00e0\u00a0 dello Spirito Santo,<br \/>\nper tutti i secoli dei secoli. AMEN.<br \/>\n<\/em><br \/>\n<strong>La riflessione\u00a0<\/strong><em>di Suor Maria Alessia Giovanna Pantaleo<\/em><strong><br \/>\n<\/strong>La rivelazione della Trinit\u00e0\u00a0 appartiene al Nuovo Testamento; l&#8217;Antico \u00e8 tutto dedito a proclamare l&#8217;unit\u00e0\u00a0 di Dio come leggiamo nella prima lettura: \u00abSappi dunque oggi e medita bene nel tuo cuore che il Signore \u00e8 Dio lass\u00f9 nei cieli e quaggi\u00f9 sulla terra: non ve n&#8217;\u00e8 altro\u00bb. Con la venuta di Cristo, Dio si rivela al mondo nel mistero della sua vita intima: egli \u00e8 il Padre che genera il Verbo ed \u00e8 comunione nello Spirito Santo.<br \/>\nOgni uomo entra in rapporto con la Trinit\u00e0\u00a0 mediante il battesimo; nel Vangelo, infatti, Ges\u00f9 invita gli apostoli a diventare portatori della salvezza battezzando \u00abnel nome del Padre e del Figlio e dello Spirito Santo\u00bb e insegnando a osservare tutto quello che Egli aveva loro comandato.<br \/>\nDi fronte a Dio il battezzato non \u00e8 soltanto creatura, ma \u00e8 figlio, per questo \u00e8 introdotto intimamente nella vita della Trinit\u00e0\u00a0. Allo Spirito si deve questa rigenerazione intima; \u00e8 Lui che infonde nel cuore l&#8217;intima convinzione di essere figli di Dio e incoraggia a chiamarlo Padre.<\/p>\n<p><strong>Il repertorio musicale per la celebrazione eucaristica<\/strong><em>\u00a0di Don Graziano Ghisolfi<\/em><br \/>\nAbbreviazioni<br \/>\nAdV<em>: Armonia di Voci<\/em><em>\u00a0(LDC, Leumann &#8211; Torino, edizione 1997)<\/em><br \/>\nCdP<em>: Nella Casa del Padre (LDC, Leumann &#8211; Torino, edizione 1997)<br \/>\n<\/em>CD:\u00a0<em>Cantemus Domino<\/em><em>\u00a0(Repertorio Diocesi di Milano, Centro Ambrosiano, 1992)<\/em><br \/>\nCL:\u00a0<em>Concordi Laetitia (Repertorio Diocesi di Cremona, Nuova Editrice Cremonese, 2003)<\/em><br \/>\nLD<em>: Lodate Dio (Repertorio Diocesi di Lugano, Carrara, 1985, 3\u00b0 ed.)<\/em><br \/>\nMeA: Musica e Assemblea<em>\u00a0(EDB, Bologna)<\/em><br \/>\nRN<em>: Repertorio Nazionale di Canti per la Liturgia<br \/>\n<\/em>Psallite<em>: Repertorio di canti per la liturgia del sito web Psallite!<\/em><\/p>\n<p>Ingresso<br \/>\n<strong>SS. TRINITA&#8217;<\/strong>\u00a0(A.Parisi; Psallite)<br \/>\n<em>oppure<\/em><br \/>\n<strong>TE LODIAMO TRINITA&#8217;<\/strong>\u00a0(G.Stefani-Vienna 1776; RN 160 &#8211; CdP 733)<\/p>\n<p>Aspersione<br \/>\n<strong>ACQUA VIVA<\/strong>\u00a0(S.Albisetti-D.Rimaud-E.Costa-F.Rainoldi; RN 123 &#8211; LD 754)<\/p>\n<p>Atto penitenziale<br \/>\n<strong>DIO GRANDE<\/strong>\u00a0(E.Costa-G.Sobrero-J.Gelineau-D.Stefani; CdP 211)<\/p>\n<p>Inno di lode<br \/>\n<strong>GLORIA A DIO<\/strong>\u00a0(L.Picchi; RN 5ord &#8211; CdP 220)<br \/>\n<em>oppure\u00a0<\/em><br \/>\n<strong>GLORIA<\/strong>\u00a0(A.Parisi; \u00abPentecoste\u00bb &#8211; Paoline &#8211; pg.19)<\/p>\n<p>Salmo responsoriale<br \/>\n<strong>SALMO RESPONSORIALE SS.TRINITA &#8211; anno B <\/strong>(<a href=\"https:\/\/www.teleradiopadrepio.it\/wp-content\/uploads\/Impagliatelli-salmo-solennita-CorpusDominiB.pdf\" target=\"_blank\" rel=\"noopener\">pdf<\/a>\/<a href=\"https:\/\/www.teleradiopadrepio.it\/wp-content\/uploads\/salmo-toB-CorpusDomini.mp3\" target=\"_blank\" rel=\"noopener\">mp3<\/a>\u00a0da \u201c<em>Voce di Padre Pio\u201d<\/em>)<br \/>\n<em>oppure<br \/>\n<\/em><div class='w3eden'><!-- WPDM Link Template: Default Template -->\n\n<div class=\"link-template-default card mb-2\">\n    <div class=\"card-body\">\n        <div class=\"media\">\n            <div class=\"mr-3 img-48\"><img decoding=\"async\" class=\"wpdm_icon\" alt=\"Icona\"   src=\"http:\/\/psallite.net\/wp\/wp-content\/plugins\/download-manager\/assets\/file-type-icons\/pdf.svg\" \/><\/div>\n            <div class=\"media-body\">\n                <h3 class=\"package-title\"><a href='https:\/\/psallite.net\/wp\/download\/ss-corpo-e-sangue-di-cristo-corpus-domini-anno-b-suor-maria-alessia-pantaleo\/'>Ss. Corpo e Sangue di Cristo (Corpus Domini) - anno B [Suor Maria Alessia Pantaleo]<\/a><\/h3>\n                <div class=\"text-muted text-small\"><i class=\"fas fa-copy\"><\/i> 1 file <i class=\"fas fa-hdd ml-3\"><\/i> 126 KB<\/div>\n            <\/div>\n            <div class=\"ml-3\">\n                <a class='wpdm-download-link download-on-click btn btn-primary ' rel='nofollow' href='#' data-downloadurl=\"https:\/\/psallite.net\/wp\/download\/ss-corpo-e-sangue-di-cristo-corpus-domini-anno-b-suor-maria-alessia-pantaleo\/?wpdmdl=2892&refresh=69f3841c0b8eb1777566748\">Download<\/a>\n            <\/div>\n        <\/div>\n    <\/div>\n<\/div>\n\n<\/div><br \/>\n<em>oppure<\/em><em><br \/>\n<\/em><\/p>\n<p>Canto al Vangelo<br \/>\n<strong>ALLELUIA! LODIAMO IL SIGNORE!<\/strong>\u00a0(L.Agustoni-A.Fant; CdP 255)<\/p>\n<p>Professione di fede<br \/>\n<strong>CREDO<\/strong>\u00a0(A.Parisi; Psallite)<\/p>\n<p>Presentazione dei doni<br \/>\n<strong>ALTA TRINITA&#8217; BEATA<\/strong>\u00a0(Anonimo sec. XV; Psallite)<\/p>\n<p>Santo<br \/>\n<strong>SANTO\u00a0<\/strong>(G.Stefani; RN 25ord &#8211; CdP 315)<\/p>\n<p>Anamnesi<br \/>\n<strong>ANNUNCIAMO LA TUA MORTE, SIGNORE<\/strong>\u00a0(G.Stefani; RN 26ord &#8211; CdP 327)<\/p>\n<p>Dossologia<br \/>\n<strong>AMEN!\u00a0<\/strong>(G.M.Rossi; RN 30ord &#8211; CdP 342)<\/p>\n<p>Embolismo<br \/>\n<strong>TUO \u00c8 IL REGNO<\/strong>\u00a0(A.Kunc; RN 33ord &#8211; CdP 374)<\/p>\n<p>Frazione del pane<br \/>\n<strong>AGNELLO DI DIO\u00a0<\/strong>(D.Stefani; RN 37ord &#8211; CdP 382)<\/p>\n<p>Comunione<br \/>\n<strong>ANDATE E AMMAESTRATE<\/strong>\u00a0(A.Parisi; Psallite)<br \/>\n<em>oppure<\/em><br \/>\n<strong>PADRE CHE HAI FATTO<\/strong>\u00a0(L.Migliavacca; RN 159 &#8211; CdP 698)<br \/>\n<em>oppure<\/em><br \/>\n<strong>TU SEI LA MIA VITA<\/strong>\u00a0(P.A.Sequeri; CdP 732)<br \/>\n<em>oppure<br \/>\n<\/em><div class='w3eden'><!-- WPDM Link Template: Default Template -->\n\n<div class=\"link-template-default card mb-2\">\n    <div class=\"card-body\">\n        <div class=\"media\">\n            <div class=\"mr-3 img-48\"><img decoding=\"async\" class=\"wpdm_icon\" alt=\"Icona\"   src=\"http:\/\/psallite.net\/wp\/wp-content\/plugins\/download-manager\/assets\/file-type-icons\/pdf.svg\" \/><\/div>\n            <div class=\"media-body\">\n                <h3 class=\"package-title\"><a href='https:\/\/psallite.net\/wp\/download\/gloria-patri-graziano-ghisolfi\/'>GLORIA PATRI, Graziano Ghisolfi<\/a><\/h3>\n                <div class=\"text-muted text-small\"><i class=\"fas fa-copy\"><\/i> 1 file <i class=\"fas fa-hdd ml-3\"><\/i> 467 KB<\/div>\n            <\/div>\n            <div class=\"ml-3\">\n                <a class='wpdm-download-link download-on-click btn btn-primary ' rel='nofollow' href='#' data-downloadurl=\"https:\/\/psallite.net\/wp\/download\/gloria-patri-graziano-ghisolfi\/?wpdmdl=1451&refresh=69f3841c471bd1777566748\">Download<\/a>\n            <\/div>\n        <\/div>\n    <\/div>\n<\/div>\n\n<\/div><em><br \/>\n<\/em><\/p>\n<p>Congedo<br \/>\n<strong>ALTISSIMO MISTERO\u00a0<\/strong>(T.Zardini; RN 154 &#8211; \u00abI canti della Comunit\u00e0\u00a0\u00bb Feste del Signore-Carrara p. 18)<\/p>\n","protected":false},"excerpt":{"rendered":"<p>La riflessione e la proposta di repertorio musicale per la liturgia Santissima Trinit\u00e0\u00a0\u00a0&#8211; anno B 30 Maggio 2021 Preghiera di<\/p>\n","protected":false},"author":1,"featured_media":2402,"comment_status":"open","ping_status":"open","sticky":false,"template":"","format":"standard","meta":{"colormag_page_container_layout":"default_layout","colormag_page_sidebar_layout":"default_layout","_jetpack_memberships_contains_paid_content":false,"footnotes":"","jetpack_publicize_message":"","jetpack_publicize_feature_enabled":true,"jetpack_social_post_already_shared":true,"jetpack_social_options":{"image_generator_settings":{"template":"highway","default_image_id":0,"font":"","enabled":false},"version":2}},"categories":[2],"tags":[108,57,58,45,97],"class_list":["post-2947","post","type-post","status-publish","format-standard","has-post-thumbnail","hentry","category-cantare-il-giorno-del-signore","tag-anno-b","tag-don-graziano-ghisolfi","tag-suor-maria-alessia-pantaleo-ajc","tag-tempo-ordinario","tag-trinita"],"views":3127,"jetpack_publicize_connections":[],"jetpack_featured_media_url":"https:\/\/psallite.net\/wp\/wp-content\/uploads\/2021\/02\/icona-della-trinita-Rublev-1410.jpg","jetpack_sharing_enabled":true,"jetpack_likes_enabled":true,"_links":{"self":[{"href":"https:\/\/psallite.net\/wp\/wp-json\/wp\/v2\/posts\/2947","targetHints":{"allow":["GET"]}}],"collection":[{"href":"https:\/\/psallite.net\/wp\/wp-json\/wp\/v2\/posts"}],"about":[{"href":"https:\/\/psallite.net\/wp\/wp-json\/wp\/v2\/types\/post"}],"author":[{"embeddable":true,"href":"https:\/\/psallite.net\/wp\/wp-json\/wp\/v2\/users\/1"}],"replies":[{"embeddable":true,"href":"https:\/\/psallite.net\/wp\/wp-json\/wp\/v2\/comments?post=2947"}],"version-history":[{"count":12,"href":"https:\/\/psallite.net\/wp\/wp-json\/wp\/v2\/posts\/2947\/revisions"}],"predecessor-version":[{"id":5074,"href":"https:\/\/psallite.net\/wp\/wp-json\/wp\/v2\/posts\/2947\/revisions\/5074"}],"wp:featuredmedia":[{"embeddable":true,"href":"https:\/\/psallite.net\/wp\/wp-json\/wp\/v2\/media\/2402"}],"wp:attachment":[{"href":"https:\/\/psallite.net\/wp\/wp-json\/wp\/v2\/media?parent=2947"}],"wp:term":[{"taxonomy":"category","embeddable":true,"href":"https:\/\/psallite.net\/wp\/wp-json\/wp\/v2\/categories?post=2947"},{"taxonomy":"post_tag","embeddable":true,"href":"https:\/\/psallite.net\/wp\/wp-json\/wp\/v2\/tags?post=2947"}],"curies":[{"name":"wp","href":"https:\/\/api.w.org\/{rel}","templated":true}]}}