{"id":2830,"date":"2021-04-10T18:00:43","date_gmt":"2021-04-10T16:00:43","guid":{"rendered":"http:\/\/psallite.net\/wp\/?p=2830"},"modified":"2023-10-07T17:47:08","modified_gmt":"2023-10-07T15:47:08","slug":"ii-domenica-di-pasqua","status":"publish","type":"post","link":"https:\/\/psallite.net\/wp\/2021\/04\/10\/ii-domenica-di-pasqua\/","title":{"rendered":"II Domenica di Pasqua\/B"},"content":{"rendered":"<p><em>di Massimo Palombella<\/em><\/p>\n<figure id=\"attachment_653\" aria-describedby=\"caption-attachment-653\" style=\"width: 300px\" class=\"wp-caption alignleft\"><a href=\"https:\/\/psallite.net\/wp\/wp-content\/uploads\/2020\/04\/caravaggio-incredulita-di-san-tommaso.jpg\"><img loading=\"lazy\" decoding=\"async\" class=\"size-medium wp-image-653\" src=\"https:\/\/psallite.net\/wp\/wp-content\/uploads\/2020\/04\/caravaggio-incredulita-di-san-tommaso-300x217.jpg\" alt=\"\" width=\"300\" height=\"217\" srcset=\"https:\/\/psallite.net\/wp\/wp-content\/uploads\/2020\/04\/caravaggio-incredulita-di-san-tommaso-300x217.jpg 300w, https:\/\/psallite.net\/wp\/wp-content\/uploads\/2020\/04\/caravaggio-incredulita-di-san-tommaso-1024x742.jpg 1024w, https:\/\/psallite.net\/wp\/wp-content\/uploads\/2020\/04\/caravaggio-incredulita-di-san-tommaso-768x556.jpg 768w, https:\/\/psallite.net\/wp\/wp-content\/uploads\/2020\/04\/caravaggio-incredulita-di-san-tommaso.jpg 1077w\" sizes=\"auto, (max-width: 300px) 100vw, 300px\" \/><\/a><figcaption id=\"caption-attachment-653\" class=\"wp-caption-text\"><em>Incredulit\u00e0 di san Tommaso, Michelangelo Merisi da Caravaggio (1600-1601)<\/em><\/figcaption><\/figure>\n<p>Buona seconda domenica di Pasqua.<\/p>\n<p>La giornata odierna \u00e8 anche chiamata \u201cDomenica in Albis\u201d (sottointeso \u201cdeponendis\u201d) in quanto legata al rito del Battesimo (compiuto nella Veglia Pasquale). In esso i nuovi battezzati ricevono e indossano una veste bianca per tutta la settimana dell\u2019Ottava di Pasqua, fino alla domenica successiva, detta perci\u00f2 domenica in cui si depongono le vesti bianche.<\/p>\n<p>La Chiesa ortodossa chiama questa giornata la \u201cDomenica di san Tommaso\u201d per il Vangelo che oggi viene proclamato.<\/p>\n<p>Papa Giovanni Paolo II nel 2000 proclam\u00f2 la giornata odierna come \u201cFesta della Divina Misericordia\u201d (il culto della Divina Misericordia \u00e8 legato a Santa Faustina Kowalska, mistica polacca canonizzata nel corso dell\u2019anno santo del 2000 a cui Giovanni Paolo II era molto devoto come testimonia la sua seconda Enciclica \u201cDives in Misericordia\u201d del 1980).<\/p>\n<p>Nel Vangelo di oggi (Gv 20, 19-31) \u00e8 narrata la vicenda dell\u2019Apostolo Tommaso e della sua necessit\u00e0 di verificare \u201cempiricamente\u201d: \u201cSe non vedo nelle sue mani il segno dei chiodi e non metto il mio dito nel segno dei chiodi e non metto la mia mano nel suo fianco, io non credo\u201d.<\/p>\n<p>L\u2019Apostolo Tommaso pu\u00f2 essere lodato come un uomo \u201cconcreto\u201d, pratico, anche, in qualche modo, \u201caffidabile\u201d. Infatti, una certa cultura ci educa implicitamente ad una sana concretezza che assicura la giusta e misurata stabilit\u00e0 e il mantenimento di situazioni dove le cose \u201ccerte e sicure\u201d non vengono messe in questione.<br \/>\nGes\u00f9, nella sua relazione con Tommaso, ci sfida ad andare \u201coltre\u201d: \u201cBeati quelli che non hanno visto e hanno creduto!\u201d. E la sfida di Ges\u00f9 \u00e8 in ordine alla vera qualit\u00e0 della nostra vita, nel senso che, senza la capacit\u00e0 si sognare, rischiare, \u201cfidarsi\u201d, \u201cprovare\u201d, non esiste vita vera ma solo una sorta di \u201cgabbia\u201d dove ci illudiamo di vivere. Infatti, se ci pensiamo, le cose pi\u00f9 belle e grandi della nostra vita implicano necessariamente istanze che sono tutt\u2019altro che \u201ccerte e sicure\u201d: innamorarsi, sposarsi, avere dei figli, ampliare le proprie conoscenze, sperimentare, sognare progetti oltre gli schemi ricevuti da una educazione e oltre le aspettative di chi ci circonda\u2026<br \/>\nGes\u00f9 mette in questione la nostra stessa nozione di \u201cpace\u201d intesa, spesso e implicitamente, come \u201cstabilit\u00e0\u201d, \u201cconservazione\u201d, dove le nostre migliori energie le spendiamo per mantenere tutto \u201cfermo e stabile\u201d e, senza accorgerci, smettiamo di sperimentare di provare di \u201cavventurarci\u201d. Ges\u00f9 ci attende \u201coltre\u201d le nostre cose \u201ccerte e sicure\u201d, oltre dove siamo certi di incontrarlo, oltre le nostre dettagliate programmazioni. Ges\u00f9 ci sfida ad essere persone vive, libere, persone che, non senza fatica, fanno della Risurrezione il proprio codice genetico.<\/p>\n<p>L\u2019antifona di Offertorio della celebrazione odierna \u00e8 tratta dal capitolo 28 del Vangelo di Matteo (Mt 28, 2.5.6) con il seguente testo:<br \/>\n<em>\u201cAngelus Domini descendit de caelo et dixit mulieribus:<\/em><br \/>\n<em>Quem quaeritis, surrexit, sicut dixit, alleluia\u201d.<\/em><\/p>\n<p>(L&#8217;angelo del Signore discese dal cielo e disse alle donne:<br \/>\n\u201dColui che cercate \u00e8 risorto come aveva detto\u201d, alleluia).<\/p>\n<p>La musica allegata \u00e8 di Giovanni Pierluigi da Palestrina (1525-1594), e proviene dal libro degli \u201c<em>Offertoria totius anni<\/em>\u201d pubblicato a Roma nel 1593 (IOAN. PETRO ALOYSIO PRAENESTINO, Offertoria totius anni [Romae, Apud Franciscum Coattinum, 1593]).<br \/>\nL\u2019interpretazione \u00e8 della Cappella Musicale Pontificia \u201cSistina\u201d. Il brano musicale \u00e8 contenuto nel CD \u201c<em>Cantate Domino. La Cappella Sistina e la musica dei Papi<\/em>\u201d edito da Deutsche Grammophon nel 2015.<\/p>\n<p>Buona domenica e un caro saluto.<\/p>\n<div class='w3eden'><!-- WPDM Link Template: Default Template -->\n\n<div class=\"link-template-default card mb-2\">\n    <div class=\"card-body\">\n        <div class=\"media\">\n            <div class=\"mr-3 img-48\"><img decoding=\"async\" class=\"wpdm_icon\" alt=\"Icona\"   src=\"http:\/\/psallite.net\/wp\/wp-content\/plugins\/download-manager\/assets\/file-type-icons\/pdf.svg\" \/><\/div>\n            <div class=\"media-body\">\n                <h3 class=\"package-title\"><a href='https:\/\/psallite.net\/wp\/download\/angelus-domini-descendit-de-caelo-giovanni-pierluigi-da-palestrina-edizione-a-stampa\/'>ANGELUS DOMINI DESCENDIT DE CAELO, Giovanni Pierluigi da Palestrina [edizione a stampa]<\/a><\/h3>\n                <div class=\"text-muted text-small\"><i class=\"fas fa-copy\"><\/i> 1 file <i class=\"fas fa-hdd ml-3\"><\/i> 3 MB<\/div>\n            <\/div>\n            <div class=\"ml-3\">\n                <a class='wpdm-download-link download-on-click btn btn-primary ' rel='nofollow' href='#' data-downloadurl=\"https:\/\/psallite.net\/wp\/download\/angelus-domini-descendit-de-caelo-giovanni-pierluigi-da-palestrina-edizione-a-stampa\/?wpdmdl=2828&refresh=69f2ea0c84bcb1777527308\">Download<\/a>\n            <\/div>\n        <\/div>\n    <\/div>\n<\/div>\n\n<\/div>\n<div class=\"jetpack-video-wrapper\"><iframe loading=\"lazy\" title=\"Palestrina: Angelus Domini\" width=\"800\" height=\"600\" src=\"https:\/\/www.youtube.com\/embed\/HKzNXrO47MM?feature=oembed\" frameborder=\"0\" allow=\"accelerometer; autoplay; clipboard-write; encrypted-media; gyroscope; picture-in-picture\" allowfullscreen><\/iframe><\/div>\n","protected":false},"excerpt":{"rendered":"<p>di Massimo Palombella Buona seconda domenica di Pasqua. La giornata odierna \u00e8 anche chiamata \u201cDomenica in Albis\u201d (sottointeso \u201cdeponendis\u201d) in<\/p>\n","protected":false},"author":1,"featured_media":653,"comment_status":"open","ping_status":"open","sticky":false,"template":"","format":"standard","meta":{"colormag_page_container_layout":"default_layout","colormag_page_sidebar_layout":"default_layout","_jetpack_memberships_contains_paid_content":false,"footnotes":"","jetpack_publicize_message":"","jetpack_publicize_feature_enabled":true,"jetpack_social_post_already_shared":true,"jetpack_social_options":{"image_generator_settings":{"template":"highway","default_image_id":0,"font":"","enabled":false},"version":2}},"categories":[110],"tags":[112,27],"class_list":["post-2830","post","type-post","status-publish","format-standard","has-post-thumbnail","hentry","category-liturgiamusica","tag-massimo-palombella","tag-tempo-di-pasqua"],"views":919,"jetpack_publicize_connections":[],"jetpack_featured_media_url":"https:\/\/psallite.net\/wp\/wp-content\/uploads\/2020\/04\/caravaggio-incredulita-di-san-tommaso.jpg","jetpack_sharing_enabled":true,"jetpack_likes_enabled":true,"_links":{"self":[{"href":"https:\/\/psallite.net\/wp\/wp-json\/wp\/v2\/posts\/2830","targetHints":{"allow":["GET"]}}],"collection":[{"href":"https:\/\/psallite.net\/wp\/wp-json\/wp\/v2\/posts"}],"about":[{"href":"https:\/\/psallite.net\/wp\/wp-json\/wp\/v2\/types\/post"}],"author":[{"embeddable":true,"href":"https:\/\/psallite.net\/wp\/wp-json\/wp\/v2\/users\/1"}],"replies":[{"embeddable":true,"href":"https:\/\/psallite.net\/wp\/wp-json\/wp\/v2\/comments?post=2830"}],"version-history":[{"count":2,"href":"https:\/\/psallite.net\/wp\/wp-json\/wp\/v2\/posts\/2830\/revisions"}],"predecessor-version":[{"id":7487,"href":"https:\/\/psallite.net\/wp\/wp-json\/wp\/v2\/posts\/2830\/revisions\/7487"}],"wp:featuredmedia":[{"embeddable":true,"href":"https:\/\/psallite.net\/wp\/wp-json\/wp\/v2\/media\/653"}],"wp:attachment":[{"href":"https:\/\/psallite.net\/wp\/wp-json\/wp\/v2\/media?parent=2830"}],"wp:term":[{"taxonomy":"category","embeddable":true,"href":"https:\/\/psallite.net\/wp\/wp-json\/wp\/v2\/categories?post=2830"},{"taxonomy":"post_tag","embeddable":true,"href":"https:\/\/psallite.net\/wp\/wp-json\/wp\/v2\/tags?post=2830"}],"curies":[{"name":"wp","href":"https:\/\/api.w.org\/{rel}","templated":true}]}}