{"id":2550,"date":"2021-03-26T05:00:34","date_gmt":"2021-03-26T04:00:34","guid":{"rendered":"http:\/\/psallite.net\/wp\/?p=2550"},"modified":"2021-03-27T19:43:22","modified_gmt":"2021-03-27T18:43:22","slug":"il-triduo-pasquale-giovedi-santo-messa-in-coena-domini-2","status":"publish","type":"post","link":"https:\/\/psallite.net\/wp\/2021\/03\/26\/il-triduo-pasquale-giovedi-santo-messa-in-coena-domini-2\/","title":{"rendered":"Il Triduo Pasquale. Gioved\u00ec Santo: Messa &#8220;In coena Domini&#8221;"},"content":{"rendered":"<h4>La riflessione e la proposta di repertorio musicale per la liturgia<\/h4>\n<div>\n<div><strong><span style=\"color: #ff0000;\"><a href=\"https:\/\/psallite.net\/wp\/wp-content\/uploads\/2020\/04\/giotto-lavanda-dei-piedi.jpg\" target=\"_blank\" rel=\"noopener noreferrer\"><img loading=\"lazy\" decoding=\"async\" class=\"alignleft wp-image-655 size-medium\" src=\"https:\/\/psallite.net\/wp\/wp-content\/uploads\/2020\/04\/giotto-lavanda-dei-piedi-300x294.jpg\" alt=\"\" width=\"300\" height=\"294\" srcset=\"https:\/\/psallite.net\/wp\/wp-content\/uploads\/2020\/04\/giotto-lavanda-dei-piedi-300x294.jpg 300w, https:\/\/psallite.net\/wp\/wp-content\/uploads\/2020\/04\/giotto-lavanda-dei-piedi.jpg 712w\" sizes=\"auto, (max-width: 300px) 100vw, 300px\" \/><\/a>Gioved\u00ec Santo: &#8220;Nella cena del Signore&#8221;<\/span><br \/>\n1 aprile 2021<\/strong><\/div>\n<p><strong>Preghiera di COLLETTA<\/strong><br \/>\n<em>O Dio, che ci hai riuniti per celebrare la santa Cena<\/em><br \/>\n<em>nella quale il tuo unico Figlio,<\/em><br \/>\n<em>prima di consegnarsi alla morte,<\/em><br \/>\n<em>affid\u00f2 alla Chiesa il nuovo ed eterno sacrificio,<\/em><br \/>\n<em>convito nuziale del suo amore,<\/em><br \/>\n<em>fa&#8217; che dalla partecipazione a cos\u00ec grande mistero<\/em><br \/>\n<em>attingiamo pienezza di carit\u00e0\u00a0 e di vita.<\/em><br \/>\n<em>Per il nostro Signore Ges\u00f9 Cristo,<\/em><br \/>\n<em>tuo Figlio, che \u00e8 Dio, e vive e regna con te,<\/em><br \/>\n<em>nell&#8217;unit\u00e0\u00a0 dello Spirito Santo,<\/em><br \/>\n<em>per tutti i secoli dei secoli. AMEN.<\/em><\/p>\n<p><strong>La riflessione <\/strong><em>di Suor Maria Alessia Giovanna Pantaleo<\/em><br \/>\nGes\u00f9 sceglie una \u201ccena\u201d, quella della pasqua ebraica, per istituire\u00a0 il sacramento pi\u00f9 importante, \u00abfonte e apice della vita cristiana\u00bb (LG11). L\u2019Eucaristia, infatti, \u00e8 principalmente un banchetto, un convito e propriamente un \u201cconvito nuziale\u201d dove Cristo ci nutre col suo corpo e col suo sangue e inaugura la nuova Alleanza, il nuovo Patto nuziale con gli uomini. Se \u00e8 un convito, allora, esso trova il suo senso pi\u00f9 pieno nella dimensione comunitaria, nel \u201cradunarsi\u201d: \u00e8 l\u2019Eucaristia che edifica la Chiesa, la riunisce in un corpo solo e la rinsalda nella comunione. L\u2019Eucaristia, per\u00f2, non \u00e8 solo banchetto, ma anche e soprattutto \u201csacrificio\u201d. Ges\u00f9, infatti, la istituisce\u00a0 anticipando nei segni del pane e del vino la sua passione e morte. In essa viene ripresentato il \u201csacrificio vivo ed eterno\u201d, unico e definitivo, della croce in cui il corpo di Cristo \u00e8 dato e il suo sangue \u00e8 versato. Tuttavia, essa rimane un\u00a0 \u201cmistero insondabile\u201d, mysterium fidei, che sovrasta i nostri pensieri, la nostra razionalit\u00e0 e pu\u00f2 essere accolto solo nella fede. Ed \u00e8 anche mysterium charitatis perch\u00e9 in esso Ges\u00f9 lascia alla Chiesa il \u201ctestamento dell\u2019amore\u201d: \u00abcome io ho amato voi, cos\u00ec amatevi anche voi gli uni gli altri\u00bb (Gv 13,34), con quell\u2019amore che si fa\u2019 autentico quando si traduce nel servizio: \u00abSe dunque io, il Signore e il Maestro, ho lavato i piedi a voi, anche voi dovete lavare i piedi gli uni agli altri\u00bb (Gv 13,14).<\/p>\n<div>\n<p><strong>Il repertorio musicale per la celebrazione eucaristica<\/strong><em>\u00a0di Don Graziano Ghisolfi<\/em><\/p>\n<p>Abbreviazioni<br \/>\nAdV<em>: Armonia di Voci<\/em><em>\u00a0(LDC, Leumann &#8211; Torino, edizione 1997)<\/em><br \/>\nCdP<em>: Nella Casa del Padre (LDC, Leumann &#8211; Torino, edizione 1997)<br \/>\n<\/em>LD<em>: Lodate Dio (Repertorio Diocesi di Lugano, Carrara, 1985, 3\u00b0 ed.)<\/em><br \/>\nMeA: Musica e Assemblea<em>\u00a0(EDB, Bologna)<\/em><br \/>\nRN<em>: Repertorio Nazionale di Canti per la Liturgia<br \/>\n<\/em>Psallite<em>: Repertorio di canti per la liturgia del sito web Psallite!<\/em><em>I suggerimenti che seguono sono desunti da:<\/em><br \/>\nF.GOMIERO,\u00a0<strong>Cantare nel Triduo Pasquale<\/strong>, in D.PIAZZI (a cura di), Preparare e celebrare il Triduo Pasquale, Queriniana, Brescia 2003.<\/p>\n<\/div>\n<p>Ingresso<br \/>\n<strong>IN TE LA NOSTRA GLORIA<\/strong>\u00a0(D.Stefani; RN 73 &#8211; CdP 512)<br \/>\n<em>oppure<\/em><br \/>\n<strong>NOSTRA GLORIA \u00c8 LA CROCE<\/strong>\u00a0(M.Frisina; RN 74)<\/p>\n<p>Inno di lode<br \/>\n<strong>GLORIA IN EXCELSIS DEO<\/strong>\u00a0(Missa VIII &#8220;de Angelis&#8221; gregoriano &#8211; CdP 224)<br \/>\n<em>oppure<\/em><br \/>\n<strong>GLORIA A DIO<\/strong>\u00a0(L.Picchi; RN 5ord &#8211; CdP 220)<\/p>\n<p>Salmo Responsoriale<br \/>\n<strong>IL CALICE DI BENEDIZIONE<\/strong>\u00a0 (<a href=\"https:\/\/www.teleradiopadrepio.it\/wp-content\/uploads\/Impagliatelli-salmo-settimanasanta-giovedi-santo-1.pdf\" target=\"_blank\" rel=\"noopener\">pdf<\/a>\/<a href=\"https:\/\/www.teleradiopadrepio.it\/wp-content\/uploads\/salmo-settimanasanta-giovedisanto-1.mp3\" target=\"_blank\" rel=\"noopener\">mp3<\/a>\u00a0da &#8220;<em>Voce di Padre Pio&#8221;<\/em>)<br \/>\n<em>oppure<br \/>\n<\/em><div class='w3eden'><!-- WPDM Link Template: Default Template -->\n\n<div class=\"link-template-default card mb-2\">\n    <div class=\"card-body\">\n        <div class=\"media\">\n            <div class=\"mr-3 img-48\"><img decoding=\"async\" class=\"wpdm_icon\" alt=\"Icona\"   src=\"https:\/\/psallite.net\/wp\/wp-content\/plugins\/download-manager\/assets\/file-type-icons\/pdf.svg\" \/><\/div>\n            <div class=\"media-body\">\n                <h3 class=\"package-title\"><a href='https:\/\/psallite.net\/wp\/download\/salmi-responsoriali-del-tempo-di-quaresima-anno-b-e-settimana-santa\/'>SALMI RESPONSORIALI del Tempo di Quaresima - anno B - e Settimana Santa<\/a><\/h3>\n                <div class=\"text-muted text-small\"><i class=\"fas fa-copy\"><\/i> 1 file <i class=\"fas fa-hdd ml-3\"><\/i> 1 MB<\/div>\n            <\/div>\n            <div class=\"ml-3\">\n                <a class='wpdm-download-link download-on-click btn btn-primary ' rel='nofollow' href='#' data-downloadurl=\"https:\/\/psallite.net\/wp\/download\/salmi-responsoriali-del-tempo-di-quaresima-anno-b-e-settimana-santa\/?wpdmdl=2395&refresh=69f3b154cfd411777578324\">Download<\/a>\n            <\/div>\n        <\/div>\n    <\/div>\n<\/div>\n\n<\/div><br \/>\n<em>oppure<\/em><br \/>\n<strong>IL CALICE DI BENEDIZIONE<\/strong>\u00a0(F.Rainoldi &#8211; RN 75)<br \/>\n<em>oppure<\/em><br \/>\n<strong>IL CALICE DI BENEDIZIONE<\/strong>\u00a0(T.Zardini &#8211; RN 76)<\/p>\n<p>Canto al Vangelo<br \/>\n<strong>CRISTO SIGNORE, GLORIA E LODE A TE<\/strong>\u00a0(F.Rainoldi; RN 15ord &#8211; Cdp 279)<br \/>\n<em>oppure<\/em><br \/>\n<strong>GLORIA A CRISTO<\/strong>\u00a0(R.Jef; CdP 274)<br \/>\n<em>oppure<\/em>\u00a0www.chiesacattolica.it\/quaresima2016<\/p>\n<p>Lavanda dei piedi<br \/>\n<em>potrebbe essere opportuno un interludio musicale con proclamazione dei versetti del Vangelo (vedi Messale)<\/em><br \/>\nAlla conclusione<br \/>\n<strong>QUANDO VENNE LA SUA ORA<\/strong>\u00a0(D.Machetta; RN 78 &#8211; CdP 704)<br \/>\n<em>oppure<\/em><br \/>\n<strong>UN COMANDAMENTO NUOVO<\/strong>\u00a0(A.Perosa; CdP 930)<br \/>\n<em>oppure<\/em><br \/>\n<strong>IO VI DO UN GRANDE ESEMPIO<\/strong>\u00a0(M.Deflorian; RN 360)<\/p>\n<p>Presentazione dei doni<br \/>\n<strong>DOV&#8217;\u00c8 CARITA&#8217; E AMORE<\/strong>\u00a0(V.Meloni, F.Zanettin-T.Zardini; RN 82 &#8211; CdP 639)<br \/>\n<em>oppure<\/em><br \/>\n<strong>UBI CARITAS EST VERA<\/strong>\u00a0(gregoriano; RN 79 &#8211; CdP 927)<\/p>\n<p>Santo<br \/>\n<strong>SANTO\u00a0<\/strong>(L.Cansani; RN 21ord &#8211; CdP 314)<\/p>\n<p>Anamnesi<br \/>\n<strong>OGNI VOLTA<\/strong>\u00a0(G.M.Rossi; RN 27ord &#8211; CdP 333)<\/p>\n<p>Frazione del Pane<br \/>\n<strong>AGNELLO DI DIO\u00a0<\/strong>(Autori Vari; RN 35ord-37ord -CdP 381-386)<\/p>\n<p>Comunione<br \/>\n<strong>ANDIAMO CON GIOIA ALLA MENSA<\/strong>\u00a0(F.Gomiero-J.Berthier; MeA 1\/2002 p.5)<br \/>\n<em>oppure<\/em><br \/>\n<strong>ECCO L&#8217;UOMO<\/strong>\u00a0(P.A.Sequeri; MeA 45 p.16 &#8211; CdP 511)<br \/>\n<em>oppure<br \/>\n<\/em><strong>MISTERO DELLA CENA<\/strong>\u00a0(G.Stefani-R.L.de Pearsall; RN 303 &#8211; CdP 678)<br \/>\n<em>oppure<\/em><br \/>\n<strong>ADORIAMO GES\u00d9 CRISTO<\/strong>\u00a0(F.Rainoldi-tradizionale; RN 81 &#8211; CdP 605)<br \/>\n<em>oppure<\/em><br \/>\n<strong>QUESTO \u00c8 IL MIO CORPO<\/strong>\u00a0(A.Parisi; Psallite)<br \/>\n<em>oppure<\/em><br \/>\n<strong>PANEM ET VINUM, CORPUS ET SANGUIS CHRISTI<\/strong>\u00a0(A.Parisi; Repertorio Psallite)<\/p>\n<p>Processione e Reposizione<br \/>\n<strong>PANGE LINGUA<\/strong>\u00a0(gregoriano; RN 312 &#8211; CdP 609)<br \/>\n<em>oppure<\/em><br \/>\n<strong>CHI MI SEGUIR\u00c0<\/strong>\u00a0(A.Parisi; Domeniche di Quaresima A, Paoline)<br \/>\n<em>oppure<\/em><br \/>\n<strong>PANE DI VITA NUOVA\u00a0<\/strong>(M.Frisina; Pane di Vita nuova, Paoline)<\/p>\n<\/div>\n","protected":false},"excerpt":{"rendered":"<p>La riflessione e la proposta di repertorio musicale per la liturgia Gioved\u00ec Santo: &#8220;Nella cena del Signore&#8221; 1 aprile 2021<\/p>\n","protected":false},"author":1,"featured_media":655,"comment_status":"open","ping_status":"open","sticky":false,"template":"","format":"standard","meta":{"colormag_page_container_layout":"default_layout","colormag_page_sidebar_layout":"default_layout","_jetpack_memberships_contains_paid_content":false,"footnotes":"","jetpack_publicize_message":"","jetpack_publicize_feature_enabled":true,"jetpack_social_post_already_shared":true,"jetpack_social_options":{"image_generator_settings":{"template":"highway","default_image_id":0,"font":"","enabled":false},"version":2}},"categories":[2],"tags":[108,57,54,58,59],"class_list":["post-2550","post","type-post","status-publish","format-standard","has-post-thumbnail","hentry","category-cantare-il-giorno-del-signore","tag-anno-b","tag-don-graziano-ghisolfi","tag-settimana-santa","tag-suor-maria-alessia-pantaleo-ajc","tag-triduo-pasquale"],"views":1554,"jetpack_publicize_connections":[],"jetpack_featured_media_url":"https:\/\/psallite.net\/wp\/wp-content\/uploads\/2020\/04\/giotto-lavanda-dei-piedi.jpg","jetpack_sharing_enabled":true,"jetpack_likes_enabled":true,"_links":{"self":[{"href":"https:\/\/psallite.net\/wp\/wp-json\/wp\/v2\/posts\/2550","targetHints":{"allow":["GET"]}}],"collection":[{"href":"https:\/\/psallite.net\/wp\/wp-json\/wp\/v2\/posts"}],"about":[{"href":"https:\/\/psallite.net\/wp\/wp-json\/wp\/v2\/types\/post"}],"author":[{"embeddable":true,"href":"https:\/\/psallite.net\/wp\/wp-json\/wp\/v2\/users\/1"}],"replies":[{"embeddable":true,"href":"https:\/\/psallite.net\/wp\/wp-json\/wp\/v2\/comments?post=2550"}],"version-history":[{"count":4,"href":"https:\/\/psallite.net\/wp\/wp-json\/wp\/v2\/posts\/2550\/revisions"}],"predecessor-version":[{"id":2558,"href":"https:\/\/psallite.net\/wp\/wp-json\/wp\/v2\/posts\/2550\/revisions\/2558"}],"wp:featuredmedia":[{"embeddable":true,"href":"https:\/\/psallite.net\/wp\/wp-json\/wp\/v2\/media\/655"}],"wp:attachment":[{"href":"https:\/\/psallite.net\/wp\/wp-json\/wp\/v2\/media?parent=2550"}],"wp:term":[{"taxonomy":"category","embeddable":true,"href":"https:\/\/psallite.net\/wp\/wp-json\/wp\/v2\/categories?post=2550"},{"taxonomy":"post_tag","embeddable":true,"href":"https:\/\/psallite.net\/wp\/wp-json\/wp\/v2\/tags?post=2550"}],"curies":[{"name":"wp","href":"https:\/\/api.w.org\/{rel}","templated":true}]}}