{"id":2433,"date":"2021-03-01T09:00:27","date_gmt":"2021-03-01T08:00:27","guid":{"rendered":"http:\/\/psallite.net\/wp\/?p=2433"},"modified":"2021-03-01T08:32:42","modified_gmt":"2021-03-01T07:32:42","slug":"iii-domenica-di-quaresima-anno-b","status":"publish","type":"post","link":"https:\/\/psallite.net\/wp\/2021\/03\/01\/iii-domenica-di-quaresima-anno-b\/","title":{"rendered":"III Domenica di Quaresima &#8211; anno B"},"content":{"rendered":"<h4>La riflessione e la proposta di repertorio musicale per la liturgia<\/h4>\n<p><strong><strong><span style=\"color: #ff0000;\"><a href=\"https:\/\/psallite.net\/wp\/wp-content\/uploads\/2021\/02\/prayer-2544994_640.jpg\"><img loading=\"lazy\" decoding=\"async\" class=\"size-medium wp-image-2438 alignleft\" src=\"https:\/\/psallite.net\/wp\/wp-content\/uploads\/2021\/02\/prayer-2544994_640-300x201.jpg\" alt=\"\" width=\"300\" height=\"201\" srcset=\"https:\/\/psallite.net\/wp\/wp-content\/uploads\/2021\/02\/prayer-2544994_640-300x201.jpg 300w, https:\/\/psallite.net\/wp\/wp-content\/uploads\/2021\/02\/prayer-2544994_640.jpg 640w\" sizes=\"auto, (max-width: 300px) 100vw, 300px\" \/><\/a>III Domenica di Quaresima &#8211; anno B<\/span><br \/>\n7 marzo 2018<\/strong><\/strong><\/p>\n<p>Preghiera di COLLETTA<br \/>\n<em>Signore nostro Dio, santo \u00e8 il tuo nome;<br \/>\npiega i nostri cuori ai tuoi comandamenti<br \/>\ne donaci la sapienza della croce,<br \/>\nperch\u00e9, liberati dal peccato,<br \/>\nche ci chiude nel nostro egoismo,<br \/>\nci apriamo al dono dello Spirito<br \/>\nper diventare tempio vivo del tuo amore.<br \/>\nPer il nostro Signore Ges\u00f9 Cristo,<br \/>\ntuo Figlio, che \u00e8 Dio, e vive e regna con te,<br \/>\nnell&#8217;unit\u00e0\u00a0 dello Spirito Santo,<br \/>\nper tutti i secoli dei secoli. AMEN.<\/em><\/p>\n<p><strong>La riflessione\u00a0<\/strong><em>di Suor Maria Alessia Giovanna Pantaleo<\/em><strong><br \/>\n<\/strong>La legge come un pedagogo conduce a Cristo (cfr Gal3,24), \u201cnel quale sono nascosti tutti i tesori di sapienza e di scienza\u201d (Col2,3). La sapienza di Cristo per\u00f2 non \u00e8 la sapienza del mondo perch\u00e9 viene dalla croce: \u201cQuelli che sono di Cristo \u2013 infatti- hanno crocifisso la loro carne con le sue passioni e desideri\u201d (Gal5,24) perch\u00e9\u00a0 \u201cci\u00f2 che \u00e8 stoltezza di Dio \u00e8 pi\u00f9 sapiente degli uomini e ci\u00f2 che \u00e8 debolezza di Dio \u00e8 pi\u00f9 forte degli uomini\u201d (1Cor 1,25).<br \/>\nI venditori che Ges\u00f9 incontra nel tempio, invece, sono ancora ripiegati ad una visione legalistica della legge, fatta di apparenze e ipocrisia; per questo Egli li ammonisce severamente: Dio deve, anzitutto essere adorato e servito nel \u201ctempio\u201d del proprio corpo e del proprio cuore.<\/p>\n<hr \/>\n<div><strong>Il repertorio musicale per la celebrazione eucaristica<\/strong><em>\u00a0di Don Graziano Ghisolfi<\/em><br \/>\nAbbreviazioni<br \/>\nAdV<em>: Armonia di Voci<\/em><em>\u00a0(LDC, Leumann &#8211; Torino, edizione 1997)<\/em><br \/>\nCdP<em>: Nella Casa del Padre (LDC, Leumann &#8211; Torino, edizione 1997)<br \/>\n<\/em>CD:\u00a0<em>Cantemus Domino<\/em><em>\u00a0(Repertorio Diocesi di Milano, Centro Ambrosiano, 1992)<\/em><br \/>\nLD<em>: Lodate Dio (Repertorio Diocesi di Lugano, Carrara, 1985, 3\u00b0 ed.)<\/em><br \/>\nMeA: Musica e Assemblea<em>\u00a0(EDB, Bologna)<\/em><br \/>\nRN<em>: Repertorio Nazionale di Canti per la Liturgia<br \/>\n<\/em>Psallite<em>: Repertorio di canti per la liturgia del sito web Psallite!<\/em><\/div>\n<p>Ingresso<br \/>\n<strong>CHI MI SEGUIRA&#8217;<\/strong>\u00a0(A.Parisi; Domeniche di Quaresima A Paoline &#8211; RN 35 &#8211; Psallite)<br \/>\n<em>oppure<\/em><br \/>\n<strong>ECCO, IL SIGNORE<\/strong>\u00a0(F.Rainoldi; RN 40)<\/p>\n<p>Atto penitenziale<br \/>\n<strong>PIETA&#8217; DI NOI, SIGNORE\u00a0<\/strong>(P.Rimoldi; CdP 205)<br \/>\n<em>oppure<\/em><br \/>\n<strong>DONO DI GRAZIA\u00a0<\/strong>(CdP 493 &#8211; RN 39)<br \/>\n<em>oppure se si opta per il rito dell&#8217;Aspersione:<\/em><br \/>\n<strong>IO VI ASPERGERO&#8217;<\/strong>\u00a0(V.Giudici; Domeniche di Quaresima B, Paoline)<\/p>\n<p>Salmo Responsoriale<br \/>\n<strong>SIGNORE, TU HAI PAROLE DI VITA ETERNA<\/strong> (<a href=\"https:\/\/www.teleradiopadrepio.it\/wp-content\/uploads\/salmo-quaresimaB3.mp3\" target=\"_blank\" rel=\"noopener\">pdf<\/a>\/<a href=\"https:\/\/www.teleradiopadrepio.it\/wp-content\/uploads\/Impagliatelli-salmo-quaresimaB3.pdf\" target=\"_blank\" rel=\"noopener\">mp3<\/a>\u00a0da &#8220;<em>Voce di Padre Pio&#8221;<\/em>)<br \/>\n<em>oppure<\/em><br \/>\n<div class='w3eden'><!-- WPDM Link Template: Default Template -->\n\n<div class=\"link-template-default card mb-2\">\n    <div class=\"card-body\">\n        <div class=\"media\">\n            <div class=\"mr-3 img-48\"><img decoding=\"async\" class=\"wpdm_icon\" alt=\"Icona\"   src=\"https:\/\/psallite.net\/wp\/wp-content\/plugins\/download-manager\/assets\/file-type-icons\/pdf.svg\" \/><\/div>\n            <div class=\"media-body\">\n                <h3 class=\"package-title\"><a href='https:\/\/psallite.net\/wp\/download\/salmi-responsoriali-del-tempo-di-quaresima-anno-b-e-settimana-santa\/'>SALMI RESPONSORIALI del Tempo di Quaresima - anno B - e Settimana Santa<\/a><\/h3>\n                <div class=\"text-muted text-small\"><i class=\"fas fa-copy\"><\/i> 1 file <i class=\"fas fa-hdd ml-3\"><\/i> 1 MB<\/div>\n            <\/div>\n            <div class=\"ml-3\">\n                <a class='wpdm-download-link download-on-click btn btn-primary ' rel='nofollow' href='#' data-downloadurl=\"https:\/\/psallite.net\/wp\/download\/salmi-responsoriali-del-tempo-di-quaresima-anno-b-e-settimana-santa\/?wpdmdl=2395&refresh=69f417b8e17991777604536\">Download<\/a>\n            <\/div>\n        <\/div>\n    <\/div>\n<\/div>\n\n<\/div><\/p>\n<p>Canto al Vangelo<br \/>\n<strong>CRISTO SIGNORE, GLORIA E LODE A TE<\/strong>\u00a0(CdP 279 &#8211; RN 15ord)<br \/>\n<em>oppure<\/em><br \/>\n<strong>ACCLAMAZIONE AL VANGELO NEL TEMPO DI QUARESIMA<\/strong>\u00a0(C.Panicci\u00e0\u00a0; Psallite)<\/p>\n<p>Presentazione dei doni<br \/>\n<strong>PADRE, PERDONA<\/strong>\u00a0(CdP 499)<\/p>\n<p>Santo<br \/>\n<strong>SANTO\u00a0<\/strong>(Picchi; CdP 313 &#8211; RN 23ord)<\/p>\n<p>Anamnesi<br \/>\n<strong>TU CI HAI REDENTI<\/strong>\u00a0(Cerino; CdP 335 &#8211; RN 28ord)<\/p>\n<p>Frazione del Pane<br \/>\n<strong>AGNELLO DI DIO<\/strong>\u00a0(Picchi; CdP 381 &#8211; RN 36ord)<\/p>\n<p>Comunione<br \/>\n<strong>SOCCORRI I TUOI FIGLI<\/strong>\u00a0strofe 3\u00b0 Domenica B (Rainoldi; CdP 500 &#8211; RN 53)<br \/>\n<em>oppure<\/em><br \/>\n<strong>MOLTI, VEDENDO I SEGNI\u00a0<\/strong>(Parisi; Psallite)<\/p>\n","protected":false},"excerpt":{"rendered":"<p>La riflessione e la proposta di repertorio musicale per la liturgia III Domenica di Quaresima &#8211; anno B 7 marzo<\/p>\n","protected":false},"author":1,"featured_media":2438,"comment_status":"open","ping_status":"open","sticky":false,"template":"","format":"standard","meta":{"colormag_page_container_layout":"default_layout","colormag_page_sidebar_layout":"default_layout","_jetpack_memberships_contains_paid_content":false,"footnotes":"","jetpack_publicize_message":"","jetpack_publicize_feature_enabled":true,"jetpack_social_post_already_shared":true,"jetpack_social_options":{"image_generator_settings":{"template":"highway","default_image_id":0,"font":"","enabled":false},"version":2}},"categories":[2],"tags":[108,57,58,38],"class_list":["post-2433","post","type-post","status-publish","format-standard","has-post-thumbnail","hentry","category-cantare-il-giorno-del-signore","tag-anno-b","tag-don-graziano-ghisolfi","tag-suor-maria-alessia-pantaleo-ajc","tag-tempo-di-quaresima"],"views":1776,"jetpack_publicize_connections":[],"jetpack_featured_media_url":"https:\/\/psallite.net\/wp\/wp-content\/uploads\/2021\/02\/prayer-2544994_640.jpg","jetpack_sharing_enabled":true,"jetpack_likes_enabled":true,"_links":{"self":[{"href":"https:\/\/psallite.net\/wp\/wp-json\/wp\/v2\/posts\/2433","targetHints":{"allow":["GET"]}}],"collection":[{"href":"https:\/\/psallite.net\/wp\/wp-json\/wp\/v2\/posts"}],"about":[{"href":"https:\/\/psallite.net\/wp\/wp-json\/wp\/v2\/types\/post"}],"author":[{"embeddable":true,"href":"https:\/\/psallite.net\/wp\/wp-json\/wp\/v2\/users\/1"}],"replies":[{"embeddable":true,"href":"https:\/\/psallite.net\/wp\/wp-json\/wp\/v2\/comments?post=2433"}],"version-history":[{"count":11,"href":"https:\/\/psallite.net\/wp\/wp-json\/wp\/v2\/posts\/2433\/revisions"}],"predecessor-version":[{"id":2495,"href":"https:\/\/psallite.net\/wp\/wp-json\/wp\/v2\/posts\/2433\/revisions\/2495"}],"wp:featuredmedia":[{"embeddable":true,"href":"https:\/\/psallite.net\/wp\/wp-json\/wp\/v2\/media\/2438"}],"wp:attachment":[{"href":"https:\/\/psallite.net\/wp\/wp-json\/wp\/v2\/media?parent=2433"}],"wp:term":[{"taxonomy":"category","embeddable":true,"href":"https:\/\/psallite.net\/wp\/wp-json\/wp\/v2\/categories?post=2433"},{"taxonomy":"post_tag","embeddable":true,"href":"https:\/\/psallite.net\/wp\/wp-json\/wp\/v2\/tags?post=2433"}],"curies":[{"name":"wp","href":"https:\/\/api.w.org\/{rel}","templated":true}]}}