{"id":2159,"date":"2021-01-25T05:00:25","date_gmt":"2021-01-25T04:00:25","guid":{"rendered":"http:\/\/psallite.net\/wp\/?p=2159"},"modified":"2021-01-19T08:26:40","modified_gmt":"2021-01-19T07:26:40","slug":"iv-domenica-del-tempo-ordinario-anno-b","status":"publish","type":"post","link":"https:\/\/psallite.net\/wp\/2021\/01\/25\/iv-domenica-del-tempo-ordinario-anno-b\/","title":{"rendered":"IV Domenica del Tempo Ordinario &#8211; anno B"},"content":{"rendered":"<h4>La riflessione e la proposta di repertorio musicale per la liturgia<\/h4>\n<div>\n<div><span style=\"color: #ff0000;\"><strong><a href=\"https:\/\/psallite.net\/wp\/wp-content\/uploads\/2021\/01\/Tempo-Ordinario-lezionario.png\"><img loading=\"lazy\" decoding=\"async\" class=\"size-medium wp-image-2152 alignleft\" src=\"https:\/\/psallite.net\/wp\/wp-content\/uploads\/2021\/01\/Tempo-Ordinario-lezionario-300x201.png\" alt=\"\" width=\"300\" height=\"201\" srcset=\"https:\/\/psallite.net\/wp\/wp-content\/uploads\/2021\/01\/Tempo-Ordinario-lezionario-300x201.png 300w, https:\/\/psallite.net\/wp\/wp-content\/uploads\/2021\/01\/Tempo-Ordinario-lezionario-768x515.png 768w, https:\/\/psallite.net\/wp\/wp-content\/uploads\/2021\/01\/Tempo-Ordinario-lezionario.png 997w\" sizes=\"auto, (max-width: 300px) 100vw, 300px\" \/><\/a>IV Domenica del Tempo Ordinario &#8211; anno B<\/strong><\/span><\/div>\n<div><strong>31 Gennaio 2021<\/strong><\/div>\n<div><\/div>\n<div><strong>Preghiera di COLLETTA<\/strong><\/div>\n<\/div>\n<div>\n<div><em><em>O Padre, che nel Cristo tuo Figlio<br \/>\nci hai dato l\u2019unico maestro di sapienza<br \/>\ne il liberatore dalle potenze del male,<br \/>\nrendici forti nella professione della fede,<br \/>\nperch\u00e9 in parole e opere<br \/>\nproclamiamo la verit\u00e0<br \/>\ne testimoniamo la beatitudine<br \/>\ndi coloro che a te si affidano.<br \/>\nPer il nostro Signore Ges\u00f9 Cristo<br \/>\nche vive e regna con te<br \/>\nnell&#8217;unit\u00e0 dello Spirito Santo,<br \/>\nper tutti i secoli dei secoli. Amen.<\/em><\/em><\/div>\n<div><\/div>\n<div><strong>La riflessione\u00a0<\/strong><em>di Suor Maria Alessia Giovanna Pantaleo<\/em><strong><br \/>\n<\/strong>\u00abIo susciter\u00f2 loro un profeta in mezzo ai loro fratelli e gli porr\u00f2 in bocca le mie parole ed egli dir\u00e0 loro quanto io gli comander\u00f2\u00bb. Cos\u00ec Dio aveva promesso a Mos\u00e9.<br \/>\nDi fatto, queste parole si sono realizzate in pienezza in Ges\u00f9: unico vero profeta e maestro di sapienza.<br \/>\nLa sua \u00e8 una parola potente, capace di risanare, di liberare dalle potenze del male, di comandare sugli spiriti impuri: con tutta la sua vita e le sue opere, Ges\u00f9 rivela il Padre.<br \/>\nMa anche noi siamo chiamati ad essere profeti, alla maniera di Cristo, e lo saremo davvero se saremo saldi nella fede, forti nel proclamare la verit\u00e0, pronti a darci a Cristo liberi da ogni preoccupazione e condizionamento umano.<\/div>\n<hr \/>\n<div><strong>Il repertorio musicale per la celebrazione eucaristica<\/strong><em>\u00a0di Don Graziano Ghisolfi<\/em><br \/>\nAbbreviazioni<br \/>\nAdV<em>: Armonia di Voci<\/em><em>\u00a0(LDC, Leumann &#8211; Torino, edizione 1997)<\/em><br \/>\nCdP<em>: Nella Casa del Padre (LDC, Leumann &#8211; Torino, edizione 1997)<br \/>\n<\/em>CD:\u00a0<em>Cantemus Domino<\/em><em>\u00a0(Repertorio Diocesi di Milano, Centro Ambrosiano, 1992)<\/em><br \/>\nCL:\u00a0<em>Concordi Laetitia (Repertorio Diocesi di Cremona, Nuova Editrice Cremonese, 2003)<\/em><br \/>\nLD<em>: Lodate Dio (Repertorio Diocesi di Lugano, Carrara, 1985, 3\u00b0 ed.)<\/em><br \/>\nMeA: Musica e Assemblea<em>\u00a0(EDB, Bologna)<\/em><br \/>\nRN<em>: Repertorio Nazionale di Canti per la Liturgia<br \/>\n<\/em>Psallite<em>: Repertorio di canti per la liturgia del sito web Psallite!<\/em><\/div>\n<div><\/div>\n<div>Ingresso<br \/>\n<strong>IN SPIRITO E VERIT\u00c0<\/strong>\u00a0(T.Ladisa, D.Rimaud, E.Costa, A.Parisi; RN 284)<br \/>\n<em>oppure<\/em><br \/>\n<strong>DIO AMORE<\/strong>\u00a0(G.Fazio-A.Parisi; da \u201cCanta e cammina\u201d &#8211; Paoline)<\/div>\n<div><\/div>\n<div>Atto penitenziale<br \/>\n<strong>FIGLIO DEL DIO VIVENTE<\/strong>\u00a0(F.Rainoldi \u2013 CdP 206)<\/div>\n<div><\/div>\n<div>Inno di Lode<br \/>\n<strong>GLORIA A DIO<\/strong>\u00a0(L.Picchi; RN 5 &#8211; CdP 220 \u2013 CL 57)<\/div>\n<div><\/div>\n<div>Salmo Responsoriale<br \/>\n<strong>ASCOLTATE OGGI LA VOCE DEL SIGNORE\u00a0<\/strong>(<a href=\"https:\/\/www.teleradiopadrepio.it\/wp-content\/uploads\/Impagliatelli-salmo-toB04.pdf\" target=\"_blank\" rel=\"noopener\">pdf<\/a>\/<a href=\"https:\/\/www.teleradiopadrepio.it\/wp-content\/uploads\/salmo-toB04.mp3\" target=\"_blank\" rel=\"noopener\">mp3<\/a>\u00a0da &#8220;<em>Voce di Padre Pio&#8221;<\/em>)<br \/>\n<em>oppure<\/em><br \/>\n<div class='w3eden'><!-- WPDM Link Template: Default Template -->\n\n<div class=\"link-template-default card mb-2\">\n    <div class=\"card-body\">\n        <div class=\"media\">\n            <div class=\"mr-3 img-48\"><img decoding=\"async\" class=\"wpdm_icon\" alt=\"Icona\"   src=\"http:\/\/psallite.net\/wp\/wp-content\/plugins\/download-manager\/assets\/file-type-icons\/pdf.svg\" \/><\/div>\n            <div class=\"media-body\">\n                <h3 class=\"package-title\"><a href='https:\/\/psallite.net\/wp\/download\/iv-domenica-tempo-ordinario-anno-b-suor-maria-alessia-pantaleo\/'>IV Domenica Tempo Ordinario - anno B [Suor Maria Alessia Pantaleo]<\/a><\/h3>\n                <div class=\"text-muted text-small\"><i class=\"fas fa-copy\"><\/i> 1 file <i class=\"fas fa-hdd ml-3\"><\/i> 177 KB<\/div>\n            <\/div>\n            <div class=\"ml-3\">\n                <a class='wpdm-download-link download-on-click btn btn-primary ' rel='nofollow' href='#' data-downloadurl=\"https:\/\/psallite.net\/wp\/download\/iv-domenica-tempo-ordinario-anno-b-suor-maria-alessia-pantaleo\/?wpdmdl=2227&refresh=69f31f8ab746a1777541002\">Download<\/a>\n            <\/div>\n        <\/div>\n    <\/div>\n<\/div>\n\n<\/div><\/div>\n<div><\/div>\n<div>Canto al Vangelo<br \/>\n<strong>ALLELUIA<\/strong>\u00a0(L.Deiss; RN 9 &#8211; CdP 253)Professione di fede<br \/>\n<strong>IO CREDO IN DIO<\/strong>\u00a0(F.Rainoldi; CdP 294)<\/p>\n<p>Presentazione dei doni<br \/>\n<strong>SALGA DA QUESTO ALTARE<\/strong>\u00a0(S.Albisetti-L.Picchi; CdP 309)<\/p>\n<p>Santo<br \/>\n<strong>SANTO<\/strong>\u00a0(G.M.Rossi; RN 26 &#8211; CdP 317 \u2013 CL 88)<\/p>\n<p>Anamnesi<br \/>\n<strong>ANNUNCIAMO LA TUA MORTE, SIGNORE<\/strong>\u00a0(G.M.Rossi; CdP 328)<\/p>\n<p>Dossologia<br \/>\n<strong>AMEN\u00a0<\/strong>(G.M.Rossi; RN 32 &#8211; CdP 342)<\/p>\n<p>Embolismo<br \/>\n<strong>TUO \u00c8 IL REGNO<\/strong>\u00a0(D.Menichetti; RN 36 \u2013 CdP 375)<\/p>\n<p>Frazione del pane<br \/>\n<strong>AGNELLO DI DIO<\/strong>\u00a0(E.Costa; CdP 385)<\/p>\n<p>Comunione<br \/>\n<strong>BEATO CHI MANGIA IL TUO PANE<\/strong>\u00a0(A.M.Galliano, A.Parisi; RN 347)<br \/>\n<em>oppure<\/em><br \/>\n<strong>TU PERCORRI CON NOI<\/strong>\u00a0(A.Burzoni-J.Berthier; RN 307 \u2013 CdP 744)<\/p>\n<p>Congedo<br \/>\n<strong>I CIELI NARRANO<\/strong>\u00a0(M.Frisina; RN 281 &#8211; CdP 659 \u2013 CL 264)<\/p>\n<\/div>\n<\/div>\n","protected":false},"excerpt":{"rendered":"<p>La riflessione e la proposta di repertorio musicale per la liturgia IV Domenica del Tempo Ordinario &#8211; anno B 31<\/p>\n","protected":false},"author":1,"featured_media":2152,"comment_status":"open","ping_status":"open","sticky":false,"template":"","format":"standard","meta":{"colormag_page_container_layout":"default_layout","colormag_page_sidebar_layout":"default_layout","_jetpack_memberships_contains_paid_content":false,"footnotes":"","jetpack_publicize_message":"","jetpack_publicize_feature_enabled":true,"jetpack_social_post_already_shared":true,"jetpack_social_options":{"image_generator_settings":{"template":"highway","default_image_id":0,"font":"","enabled":false},"version":2}},"categories":[2],"tags":[108,57,58,45],"class_list":["post-2159","post","type-post","status-publish","format-standard","has-post-thumbnail","hentry","category-cantare-il-giorno-del-signore","tag-anno-b","tag-don-graziano-ghisolfi","tag-suor-maria-alessia-pantaleo-ajc","tag-tempo-ordinario"],"views":2013,"jetpack_publicize_connections":[],"jetpack_featured_media_url":"https:\/\/psallite.net\/wp\/wp-content\/uploads\/2021\/01\/Tempo-Ordinario-lezionario.png","jetpack_sharing_enabled":true,"jetpack_likes_enabled":true,"_links":{"self":[{"href":"https:\/\/psallite.net\/wp\/wp-json\/wp\/v2\/posts\/2159","targetHints":{"allow":["GET"]}}],"collection":[{"href":"https:\/\/psallite.net\/wp\/wp-json\/wp\/v2\/posts"}],"about":[{"href":"https:\/\/psallite.net\/wp\/wp-json\/wp\/v2\/types\/post"}],"author":[{"embeddable":true,"href":"https:\/\/psallite.net\/wp\/wp-json\/wp\/v2\/users\/1"}],"replies":[{"embeddable":true,"href":"https:\/\/psallite.net\/wp\/wp-json\/wp\/v2\/comments?post=2159"}],"version-history":[{"count":8,"href":"https:\/\/psallite.net\/wp\/wp-json\/wp\/v2\/posts\/2159\/revisions"}],"predecessor-version":[{"id":2253,"href":"https:\/\/psallite.net\/wp\/wp-json\/wp\/v2\/posts\/2159\/revisions\/2253"}],"wp:featuredmedia":[{"embeddable":true,"href":"https:\/\/psallite.net\/wp\/wp-json\/wp\/v2\/media\/2152"}],"wp:attachment":[{"href":"https:\/\/psallite.net\/wp\/wp-json\/wp\/v2\/media?parent=2159"}],"wp:term":[{"taxonomy":"category","embeddable":true,"href":"https:\/\/psallite.net\/wp\/wp-json\/wp\/v2\/categories?post=2159"},{"taxonomy":"post_tag","embeddable":true,"href":"https:\/\/psallite.net\/wp\/wp-json\/wp\/v2\/tags?post=2159"}],"curies":[{"name":"wp","href":"https:\/\/api.w.org\/{rel}","templated":true}]}}