{"id":1910,"date":"2020-11-29T05:00:54","date_gmt":"2020-11-29T04:00:54","guid":{"rendered":"http:\/\/psallite.net\/wp\/?p=1910"},"modified":"2022-03-02T10:28:14","modified_gmt":"2022-03-02T09:28:14","slug":"essi-videro-dio-terza-parte-il-signore-e-pace","status":"publish","type":"post","link":"https:\/\/psallite.net\/wp\/2020\/11\/29\/essi-videro-dio-terza-parte-il-signore-e-pace\/","title":{"rendered":"Essi videro Dio (terza parte). Il Signore \u00e8 Pace"},"content":{"rendered":"<h4>Meditazione per l\u2019Avvento con Esodo<\/h4>\n<p>Buon Avvento 2020!<\/p>\n<p><a href=\"https:\/\/psallite.net\/wp\/wp-content\/uploads\/2020\/11\/strada-deserto.jpg\"><img loading=\"lazy\" decoding=\"async\" class=\"size-medium wp-image-1922 alignleft\" src=\"https:\/\/psallite.net\/wp\/wp-content\/uploads\/2020\/11\/strada-deserto-300x225.jpg\" alt=\"\" width=\"300\" height=\"225\" srcset=\"https:\/\/psallite.net\/wp\/wp-content\/uploads\/2020\/11\/strada-deserto-300x225.jpg 300w, https:\/\/psallite.net\/wp\/wp-content\/uploads\/2020\/11\/strada-deserto.jpg 640w\" sizes=\"auto, (max-width: 300px) 100vw, 300px\" \/><\/a>Cari amici, l\u2019Avvento ci coglie mentre il nostro cammino in ascolto di Esodo \u00e8 giunto a questo versetto:<\/p>\n<blockquote><p>Contro i privilegiati degli Israeliti non stese la mano: essi videro Dio e poi mangiarono e bevvero.<\/p><\/blockquote>\n<p>Quante volte leggendo la Bibbia &#8211; da Adamo in poi \u2013 troviamo questo timore nel cuore dell\u2019uomo: non possiamo vedere il volto di Dio, ascoltare la Sua voce, pronunciare il Suo nome\u2026 o significherebbe morire. Ma\u2026 come? Se \u00e8 Lui che ci ha chiamato alla vita!?<br \/>\nEcco allora che Egli stesso ci viene incontro! Viene come \u201cSole che sorge a illuminare quelli che stanno nelle tenebre\u201d. E se noi temiamo e ci copriamo il volto \u00e8 perch\u00e9 non riusciamo ancora a sostenere in pienezza la Sua luce. E la Sua mano si alza allora, s\u00ec, ma non per pesare sopra di noi, ma per strapparci dalle acque e portarci alla Sua luce. Di luce in luce noi vedremo il Suo Volto!<br \/>\nEgli si \u00e8 fatto visibile!!! Andiamo allora incontro al bambino che viene: Egli si \u00e8 fatto visibile! Si \u00e8 fatto \u201cpane\u201d nella mangiatoria di Betlemme (=casa del pane), sulla croce e sull\u2019altare.<br \/>\nLa grotta di Betlemme \u00e8 profezia del banchetto della nuova Alleanza nel Suo corpo e nel Suo sangue. Gli andiamo incontro allora, e insieme ci copriamo il volto davanti alla Sua luce, e ci inginocchiamo ad adorarlo, come i pastori, come i magi. Lui principe della pace, che viene a donarci\u2026 non morte (!), ma consolazione e pace. Il Signore \u00e8 il Signore della Pace.<\/p>\n<hr \/>\n<blockquote><p>Contro i privilegiati degli Israeliti non stese la mano: essi videro Dio e poi mangiarono e bevvero. [Es 24,11]<\/p>\n<p>Mos\u00e8 sal\u00ec \u2013 quindi \u2013 con Aronne, Nadab, Abiu e i settanta anziani di Israele. Essi videro Dio.<\/p><\/blockquote>\n<p>Ci siamo scoperti incapaci di descrivere in termini chiari e positivi cosa significhi veramente \u201cvedere Dio\u201d. Dio rimane per noi inaccessibile, lo percepiamo come il <em>Totalmente Altro<\/em>. Non \u00e8 tanto l\u2019uomo con le proprie forze allora che sale a Dio, ma Dio che scende con la sua grazia fino al cuore dell\u2019uomo. E chiede anche a noi di scendere nell\u2019intimo nostro cuore, dove Egli pone la Sua dimora. Questo molto probabilmente \u00e8 il significato della lezione della Bibbia greca: furono visti nel luogo di Dio.<\/p>\n<blockquote><p>Sotto i suoi piedi vi era come un pavimento in lastre di zaffiro, limpido come il cielo.<\/p><\/blockquote>\n<p>Allo stesso tempo, partendo dal fatto che in ebraico la parola <em>zaffiro<\/em> ha le stesse consonanti di <em>s\u00e8fer<\/em>, il \u201crotolo della legge\u201d, abbiamo considerato il binomio Cielo-Parola. Di come il Cielo e la Parola siano limpidi, puri, trasparenti. Dio ci dona la sua Parola, ci dona il suo Cielo! Sentiamo allora la stessa voce che ci aveva chiamato a scendere nel nostro cuore, che ora ci dice: Sali! Il cielo non \u00e8 un cielo muto e lontano. Il <em>Totalmente Altro<\/em> si apre alla sua creatura: si fa Presenza e trasparenza di luce.<\/p>\n<p><strong>* Mysterium tremendum.<\/strong><br \/>\nOra per\u00f2 ci imbattiamo in un versetto che ci lascia sgomenti: <em>Contro i privilegiati di Israele non stese la mano<\/em>. Mos\u00e8 e compagni videro Dio e rimasero vivi! Anzi: <em>poi mangiarono e bevvero<\/em>! Certo gioiamo che Mos\u00e8 e compagni siano rimasti vivi. Ma \u2013 ci chiediamo \u2013 perch\u00e9 sarebbero dovuti morire? Se Dio \u00e8 il Dio della vita\u2026<br \/>\nIl soggetto di questo \u00abtimore\u00bb non \u00e8 certo Dio, ma l\u2019uomo. Questo timore non \u00e8 tanto un sentimento di paura, quanto piuttosto di stupore. \u00e8 ancora da parte nostra il tentativo di esprimere il cuore dell\u2019esperienza mistica dell\u2019incontro con Dio. Non troviamo le parole e ci fermiamo di fronte alla Sua grandezza, inaccessibilit\u00e0 e maest\u00e0. Viviamo questa esperienza come un grande mistero, <em>mysterium tremendum. <\/em><br \/>\n<em>Mysterium tremendum<\/em>: pi\u00f9 ci avviciniamo a Dio e pi\u00f9 cresce in noi il sentimento di sentirci creatura, un nulla di fronte a Lui:<\/p>\n<blockquote><p>Quando tu ti sei guardato unicamente dentro di te, allora vedi che Io Sono e tu non sei. [Meister Eckhart]<\/p><\/blockquote>\n<p><strong>* Si copr\u00ec il volto perch\u00e9 aveva paura di guardare verso Dio.<\/strong><br \/>\nScendere e salire. Sentirsi morire e insieme sentirsi chiamati alla vita. Due racconti in particolare ci aiutano a cogliere l\u2019irrinunciabile compresenza di questi due aspetti: Mos\u00e8 ed Elia.<\/p>\n<p><strong>* Mos\u00e8 al roveto (Es 3,1-6).<\/strong><br \/>\nIl Signore dal roveto lo chiama per nome: \u00abMos\u00e8, Mos\u00e8!\u00bb, e allo stesso tempo gli dice di non avvicinarsi oltre, di togliersi i sandali dai piedi perch\u00e9 quel suolo \u00e8 suolo santo. E dopo che Dio gli ha rivelato di essere il Dio di Abramo, di Isacco e di Giacobbe, Mos\u00e8 <em>\u201csi copr\u00ec il volto, perch\u00e9 aveva paura di guardare verso Dio\u201d<\/em>.<\/p>\n<p><strong>* Elia sull\u2019Oreb (1Re 19,9ss).<\/strong><br \/>\n<a href=\"https:\/\/psallite.net\/wp\/wp-content\/uploads\/2020\/11\/Profeta-Elia-Jose_de_Ribera_031.jpg\"><img loading=\"lazy\" decoding=\"async\" class=\"size-medium wp-image-1917 alignleft\" src=\"https:\/\/psallite.net\/wp\/wp-content\/uploads\/2020\/11\/Profeta-Elia-Jose_de_Ribera_031-164x300.jpg\" alt=\"\" width=\"164\" height=\"300\" srcset=\"https:\/\/psallite.net\/wp\/wp-content\/uploads\/2020\/11\/Profeta-Elia-Jose_de_Ribera_031-164x300.jpg 164w, https:\/\/psallite.net\/wp\/wp-content\/uploads\/2020\/11\/Profeta-Elia-Jose_de_Ribera_031.jpg 395w\" sizes=\"auto, (max-width: 164px) 100vw, 164px\" \/><\/a>Come Mos\u00e8, anche Elia si trova sul monte di Dio, l\u2019Oreb. Nella caverna dove era entrato per la notte, Dio lo chiama per nome e gli dice di uscire e di fermarsi sul monte alla presenza del Signore. E il Signore pass\u00f2. Ci fu un vento impetuoso, ma il Signore non era nel vento. Dopo il vento, un terremoto. Poi un fuoco. Infine il sussurro di una brezza leggera. <em>\u201cCome l\u2019ud\u00ec, Elia si copr\u00ec il volto con il mantello\u201d<\/em>.<\/p>\n<p>In entrambi i racconti Mos\u00e8 ed Elia, chiamati per nome, si avvicinano, sono invitati alla presenza del Signore. Ma c\u2019\u00e8 un limite oltre cui non possono andare, ed entrambi si coprono il volto.<br \/>\nMi viene alla mente la scena di una vecchietta che entra in chiesa. Cosa fa? Si incammina verso il Santissimo, ma quando arriva vicino al Tabernacolo inchina il capo e si inginocchia.<br \/>\n\u00c8 come quando guardiamo la luce del sole che nasce e i nostri occhi non riescono a sostenerla. Cos\u00ec non \u00e8 nelle nostre capacit\u00e0 sostenere la visione del volto di Dio, ma nello stesso tempo aneliamo vederLo, chiediamo di poterlo vedere, perch\u00e9 non possiamo vivere senza il suo Volto, senza la sua Luce.<br \/>\nPi\u00f9 ci avviciniamo allora, e pi\u00f9 cresce in noi lo stupore: siamo vivi! anzi: siamo invitati al banchetto dell\u2019alleanza, partecipazione di vita. Come Giacobbe, Gedeone, Man\u00f2ach&#8230;<\/p>\n<p><strong>* Giacobbe, al termine di una lotta che dura tutta la notte<\/strong><\/p>\n<blockquote><p>Giacobbe allora gli chiese: &#8220;Svelami il tuo nome&#8221;. Gli rispose: &#8220;Perch\u00e9 mi chiedi il nome?&#8221;. E qui lo benedisse.\u00a0 Allora Giacobbe chiam\u00f2 quel luogo Penu\u00e8l: &#8220;Davvero &#8211; disse &#8211; <em>ho visto Dio faccia a faccia, eppure la mia vita \u00e8 rimasta salva<\/em>&#8220;.\u00a0[Gen 32,31)]<\/p><\/blockquote>\n<p><strong>* Man\u00f2ach, padre di Sansone<\/strong><\/p>\n<blockquote><p>Man\u00f2ach e la moglie, che stavano guardando, si gettarono allora con la faccia a terra\u00a0e l&#8217;angelo del Signore non apparve pi\u00f9 n\u00e9 a Man\u00f2ach n\u00e9 alla moglie. Allora Man\u00f2ach comprese che quello era l&#8217;angelo del Signore.\u00a0Man\u00f2ach disse alla moglie: <em>&#8220;Moriremo certamente, perch\u00e9 abbiamo visto Dio&#8221;<\/em>.\u00a0Ma sua moglie gli disse: &#8220;Se il Signore avesse voluto farci morire, non avrebbe accettato dalle nostre mani l&#8217;olocausto e l&#8217;offerta, non ci avrebbe mostrato tutte queste cose n\u00e9 ci avrebbe fatto udire proprio ora cose come queste&#8221;. [Gdc 13,22]<\/p><\/blockquote>\n<p><strong>* Gedeone&#8230;<\/strong><\/p>\n<blockquote><p>Gedeone vide che era l&#8217;angelo del Signore e disse: &#8220;Signore Dio, ho dunque visto l&#8217;angelo del Signore faccia a faccia!&#8221;.\u00a0Il Signore gli disse: <em>&#8220;La pace sia con te, non temere, non morirai!&#8221;<\/em>.\u00a0Allora Gedeone costru\u00ec in quel luogo un altare al Signore e lo chiam\u00f2 &#8220;Il Signore \u00e8 pace&#8221;. [Gdc 6,22-24}<\/p><\/blockquote>\n<p><strong>* Il Signore \u00e8 pace.<\/strong><br \/>\nVedere Dio, sentire la Sua voce, e restare vivi, ed essere chiamati alla sua pace, al banchetto dell\u2019alleanza. Contempliamo allora non tanto che sia straordinario il fatto che Mos\u00e8 e compagni siano rimasti vivi dopo aver visto Dio, ma consideriamo il nostro stupore: che nella nostra piccolezza Dio ci chiama alla comunione con s\u00e9.<\/p>\n<p>Interroga pure i tempi antichi, che furono prima di te: dal giorno in cui Dio cre\u00f2 l&#8217;uomo sulla terra e da un&#8217;estremit\u00e0 all&#8217;altra dei cieli, vi fu mai cosa grande come questa e si ud\u00ec mai cosa simile a questa?\u00a0Che cio\u00e8 un popolo abbia udito la voce di Dio parlare dal fuoco, come l&#8217;hai udita tu, e che rimanesse vivo?<br \/>\n[Dt 4,32-33]<\/p>\n<p>Il Signore, nostro Dio, ci ha mostrato la sua gloria e la sua grandezza, e noi abbiamo udito la sua voce dal fuoco; oggi abbiamo visto che Dio pu\u00f2 parlare con l&#8217;uomo e l&#8217;uomo restare vivo.\u00a0[Dt 5,24]<\/p>\n<p><strong>* Il mio Volto camminer\u00e0 con voi.<\/strong><br \/>\nDopo l\u2019episodio del vitello d\u2019oro ed il rinnovo dell\u2019alleanza, ci sar\u00e0 un dialogo stupendo tra Dio e Mos\u00e8:<\/p>\n<blockquote><p>Mos\u00e8 disse al Signore: &#8220;Vedi, tu mi ordini: &#8220;Fa&#8217; salire questo popolo&#8221;, ma non mi hai indicato chi manderai con me (&#8230;)&#8221;.<br \/>\nRispose: &#8220;<span style=\"text-decoration: underline;\">Il mio volto camminer\u00e0 con voi e ti dar\u00f2 riposo<\/span>&#8220;.<br \/>\nRiprese: &#8220;Se il tuo volto non camminer\u00e0 con noi, non farci salire di qui.\u00a0Come si sapr\u00e0 dunque che ho trovato grazia ai tuoi occhi, io e il tuo popolo, se non nel fatto che tu cammini con noi? (&#8230;)&#8221;.<br \/>\nDisse il Signore a Mos\u00e8: &#8220;Anche quanto hai detto io far\u00f2, perch\u00e9 hai trovato grazia ai miei occhi e ti ho conosciuto per nome&#8221;.<br \/>\nGli disse: &#8220;<span style=\"text-decoration: underline;\">Mostrami la tua gloria!<\/span>&#8220;.<br \/>\nRispose: &#8220;Far\u00f2 passare davanti a te tutta la mia bont\u00e0 e proclamer\u00f2 il mio nome, JHWH, davanti a te. A chi vorr\u00f2 far grazia far\u00f2 grazia e di chi vorr\u00f2 aver misericordia avr\u00f2 misericordia&#8221;.\u00a0Soggiunse: &#8220;<span style=\"text-decoration: underline;\">Ma tu non potrai vedere il mio volto, perch\u00e9 nessun uomo pu\u00f2 vedermi e restare vivo<\/span>&#8220;.\u00a0Aggiunse il Signore: &#8220;Ecco un luogo vicino a me. Tu starai sopra la rupe:\u00a0quando passer\u00e0 la mia gloria, io ti porr\u00f2 nella cavit\u00e0 della rupe e ti coprir\u00f2 con la mano, finch\u00e9 non sar\u00f2 passato.\u00a0Poi toglier\u00f2 la mano e <span style=\"text-decoration: underline;\">vedrai le mie spalle, ma il mio volto non si pu\u00f2 vedere<\/span>&#8220;. [Es 33,12-23]<\/p><\/blockquote>\n<p>In un altro episodio, riportato nel libro dei Numeri, parlando in rimprovero ad Aronne e a Miriam, Dio dir\u00e0 di Mos\u00e8:<\/p>\n<blockquote><p>Egli \u00e8 l&#8217;uomo di fiducia in tutta la mia casa.<br \/>\nBocca a bocca parlo con lui, in visione e non per enigmi,<br \/>\ned egli contempla l&#8217;immagine del Signore [Nm 12,7-9]<\/p><\/blockquote>\n<p>Da un lato Mos\u00e8 parla \u00abfaccia a faccia\u00bb con Dio e contempla la sua immagine. D\u2019altro lato anche Mos\u00e8 \u2013 al passaggio della Gloria di Dio, pu\u00f2 vedere le sue spalle (camminando cio\u00e8 dietro di Lui) ma non il volto. Lo contempliamo ancora assieme: noi percepiamo Dio come <em>Totalmente Altro<\/em>, ma Egli si rivela come un Dio presente e visibile, che ci chiama per nome e ci dice di salire a Lui. <em>Deus absconditus e insieme Salvato<\/em>r:<\/p>\n<blockquote><p>Veramente Tu sei <span style=\"text-decoration: underline;\">un Dio nascosto<\/span>,<br \/>\nDio d\u2019Israele, <span style=\"text-decoration: underline;\">Salvatore<\/span>. [Is 45,15]<\/p><\/blockquote>\n<p>L\u2019icona della vecchietta mi conforta e mi indica la strada. Come la nostra vecchietta, anche noi non possiamo non correre incontro al Signore e nello stesso tempo non possiamo non inginocchiarci e chinare il capo. Sapendo che il suo Volto cammina con noi, e soprattutto cammina davanti a noi: <em>lampada ai miei passi \u00e8 la tua Parola<\/em> (Sal 119,105).<\/p>\n<p><strong>* La mano, la Parola e il Nome di Dio.<\/strong><br \/>\nDai tempi di Adamo l\u2019uomo di fronte al mistero dice: <span style=\"text-decoration: underline;\">ho avuto paura e mi sono nascosto<\/span> (cf Gen 3,10).<\/p>\n<blockquote><p>La mia esistenza \u00e8 un nulla davanti a Te (\u2026)<br \/>\nSono distrutto sotto il peso della Tua mano (\u2026)<br \/>\nDistogli il Tuo sguardo, che io respiri. [Sal 38(39), 6.11.18]<\/p><\/blockquote>\n<p><a href=\"https:\/\/psallite.net\/wp\/wp-content\/uploads\/2020\/11\/michelangelo-creazione-di-adamo.jpg\"><img loading=\"lazy\" decoding=\"async\" class=\"size-medium wp-image-1920 alignright\" src=\"https:\/\/psallite.net\/wp\/wp-content\/uploads\/2020\/11\/michelangelo-creazione-di-adamo-300x224.jpg\" alt=\"\" width=\"300\" height=\"224\" srcset=\"https:\/\/psallite.net\/wp\/wp-content\/uploads\/2020\/11\/michelangelo-creazione-di-adamo-300x224.jpg 300w, https:\/\/psallite.net\/wp\/wp-content\/uploads\/2020\/11\/michelangelo-creazione-di-adamo-768x574.jpg 768w, https:\/\/psallite.net\/wp\/wp-content\/uploads\/2020\/11\/michelangelo-creazione-di-adamo.jpg 963w\" sizes=\"auto, (max-width: 300px) 100vw, 300px\" \/><\/a>Ma Dio non stese contro Adamo la sua mano! In ebraico la parola \u201cmano\u201d (<em>jad<\/em>) inizia con la lettera <em>jod<\/em>, la prima lettera del Nome santo e impronunciabile <em>Jhwh<\/em>, del valore numerico di 10, come le parole donate sul monte. La seconda lettera \u00e8 la <em>daleth<\/em>, come <em>Dabar<\/em>=Parola. Ancora la <em>jod<\/em> (lo iota in greco) \u00e8 la pi\u00f9 piccola lettera dell\u2019alfabeto. Ricordiamo quando Ges\u00f9 dice che neppure uno iota della Legge andr\u00e0 perduto? (Mt 15,28). Pensiamo: lo iota \u00e8 la pi\u00f9 piccola lettera dell\u2019alfabeto e indica la mano e il nome di Dio, e la sua Parola. Quanto Dio si fa piccolo per venire a noi! Pregando il Salmo 118, il grande salmo alfabetico sull\u2019elogio della Parola, giunti alla lettera <em>Jod<\/em> cantiamo: <em>Le tue mani mi hanno fatto e plasmato!<\/em> [Sal 118(119),73.]<\/p>\n<blockquote><p><em>Come potrebbe, Adamo,<\/em><br \/>\n<em>questa mano<\/em><br \/>\n<em>che ti ha tratto dal fango,<\/em><br \/>\n<em>e che ha plasmato i cieli e la terra,<\/em><br \/>\n<em>alzarsi ora contro di te?<\/em><br \/>\n<em>Come potrebbe questa voce<\/em><br \/>\n<em>che ti ha chiamato alla luce\u2026<\/em><br \/>\n<em>questo volto<\/em><br \/>\n<em>alla cui immagine e somiglianza<\/em><br \/>\n<em>sei stato plasmato\u2026<\/em><br \/>\n<em>come potrebbero ora<\/em><br \/>\n<em>rivolgersi contro di te, contro i tuoi figli?<\/em><\/p><\/blockquote>\n<p><strong>* Dio per noi si \u00e8 fatto visibile.<\/strong><br \/>\n<a href=\"https:\/\/psallite.net\/wp\/wp-content\/uploads\/2020\/11\/monreale-gesu-salva-pietro-dalle-acque.jpg\"><img loading=\"lazy\" decoding=\"async\" class=\"size-medium wp-image-1919 alignright\" src=\"https:\/\/psallite.net\/wp\/wp-content\/uploads\/2020\/11\/monreale-gesu-salva-pietro-dalle-acque-241x300.jpg\" alt=\"\" width=\"241\" height=\"300\" srcset=\"https:\/\/psallite.net\/wp\/wp-content\/uploads\/2020\/11\/monreale-gesu-salva-pietro-dalle-acque-241x300.jpg 241w, https:\/\/psallite.net\/wp\/wp-content\/uploads\/2020\/11\/monreale-gesu-salva-pietro-dalle-acque.jpg 300w\" sizes=\"auto, (max-width: 241px) 100vw, 241px\" \/><\/a>Si \u00e8 fatto pane. Egli per noi si \u00e8 fatto piccolo come uno <em>iota<\/em>. Si \u00e8 fatto visibile nel Figlio. Egli stesso per noi si \u00e8 fatto carne e banchetto: Ges\u00f9!<br \/>\nPenso a <em>Zaccheo<\/em> che cercava di vedere Ges\u00f9 e sale sull\u2019albero (nuovo albero di vita) e Ges\u00f9 gli dice: scendi, Oggi la Salvezza \u00e8 entrata nella tua casa, nel tuo Cuore.<br \/>\nE penso al <em>buon ladrone<\/em> che \u2013 unico personaggio in tutto il vangelo di Luca \u2013 sull\u2019albero della croce pronuncia il nome \u00abGes\u00f9\u00bb e contempla il suo Volto mentre si apre il Cielo. E Ges\u00f9 gli dice: <em>Oggi, sarai con me\u2026<\/em><br \/>\nE ancora a <em>Pietro<\/em> che, andando incontro a Ges\u00f9 che veniva a lui camminando sulle acque, grida: <em>Signore, salvami! E subito Ges\u00f9\u2026 tese la mano!<\/em> (cf Mat 14,22-33).<br \/>\nQuella mano! Che non pesa mortalmente su di noi, ma ci trae a s\u00e9 salvandoci dalle acque e dalle tenebre. E anche a noi Ges\u00f9 dice:<\/p>\n<blockquote><p>Coraggio, sono io, non abbiate paura (&#8230;). Vieni! [Mt 14,27.29]<\/p><\/blockquote>\n<p><em>Nelle Tue mani, \u00e8 la mia vita<\/em> (Sal 15,5). Nella sera di questa nostra vita preghiamo allora: <em>contempler\u00f2 il Tuo volto, al risveglio mi sazier\u00f2 della tua presenza<\/em> (Sal 16,15). E contemplando il volto di Ges\u00f9 sulla croce fatta mangiatoia impariamo da Lui le parole:<\/p>\n<blockquote><p>Signore, nelle Tue mani consegno il mio spirito.<\/p><\/blockquote>\n<p>Nelle Tue mani! Davvero non possiamo descrivere cosa ci \u00e8 donato vedere. Ma sappiamo che come Zaccheo, il buon ladrone, Pietro e Mos\u00e8\u2026 l\u2019esperienza del suo Volto ci trasforma irradiando il nostro volto con la Sua Luce di zaffiro:<\/p>\n<blockquote><p>Gli Israeliti, guardando in faccia Mos\u00e8, vedevano che la pelle del suo viso era raggiante.\u00a0 [Es 34,35]<\/p><\/blockquote>\n<p>Facciamo nostre allora le parole di Isaia profeta:<\/p>\n<blockquote><p>Ohim\u00e8! Io sono perduto, perch\u00e9 un uomo dalle labbra impure io sono e in mezzo a un popolo dalle labbra impure io abito; eppure i miei occhi hanno visto il re, il Signore degli eserciti. (Is 6,5)<\/p><\/blockquote>\n<hr \/>\n<p>Questa meditazione di Esodo, aprendosi all\u2019Avvento, \u00e8 un po\u2019 pi\u00f9 lunga del solito (e vi chiedo scusa) conducendoci fino alla croce-mangiatoria dove per noi Dio si \u00e8 fatto fratello. Cosicch\u00e9 nel volto di ogni fratello impariamo a vedere il volto di Dio: <em>Padre nostro che sei nei cieli\u2026<\/em><br \/>\nLa prima parola del Padre nostro (nella lingua di Ges\u00f9, <em>Avinu<\/em> = <em>Padre nostro<\/em>, \u00e8 un\u2019unica parola) sintetizza proprio il comandamento che Ges\u00f9 ci ha lasciato, l\u2019amore per Dio Padre e per il prossimo mio fratello: Padre! Nostro! (non soltanto mio). Che sia un Avvento di carit\u00e0.<br \/>\nPapa Francesco ci invita \u2013 recitando questa preghiera la sera \u2013 a farci carico del volto di tutte le persone che abbiamo incontrato nel corso della giornata. Delle loro sofferenze, del loro dolore.<\/p>\n<blockquote><p>Nella preghiera, un cristiano porta tutte le difficolt\u00e0 delle persone che gli vivono accanto: quando scende la sera, racconta a Dio i dolori che ha incrociato in quel giorno; pone davanti a Lui tanti volti, amici e anche ostili\u2026 [Papa Francesco]<\/p><\/blockquote>\n<p>E camminiamo \u201cinsieme\u201d &#8211; scoprendoci figli e fratelli dello stesso Padre, verso il Sole che viene a illuminare queste nostre tenebre, verso la sua mano che ci strappa dalle acque. Anche se ci copriamo il volto perch\u00e9 questa luce e questa mano sono davvero potenti.<br \/>\nMa come Gedeone scopriamo che questa potenza non \u00e8 perch\u00e9 Dio sia un Dio del terrore, ma della Pace e della Consolazione. Quanto abbiamo bisogno oggi di Pace vera e di vera Consolazione.<br \/>\nE se dovessimo sentirci lontani, incapaci di invocarlo, pensiamo a Maria quando credeva di averlo perduto e lo cerca per tre giorni trovandolo poi nel tempio. Chiediamo a Maria di insegnarci a \u00abdesiderarlo\u00bb e a \u00abcercarlo\u00bb con tutto il nostro cuore fatto tempio. Cercarlo e desiderarlo! <em>Ave Maria!<\/em><\/p>\n<blockquote><p><em>Chi salir\u00e0 il monte del Signore?<\/em><br \/>\n<em>Chi ha mai innocenti e cuore puro.<\/em><br \/>\n<em>Donami, Signore un cuore umile e puro.<\/em><br \/>\n<em>Signore, il Tuo volto io cerco:<\/em><br \/>\n<em>non nascondermi il Tuo volto!<\/em><br \/>\n<em>Ecco la generazione che lo cerca,<\/em><br \/>\n<em>che cerca il Tuo Volto!<\/em><br \/>\n<em>Sollevate, porte, i vostri frontali,<\/em><br \/>\n<em>ed entri il re della Gloria,<\/em><br \/>\n<em>Il Principe della Pace.<\/em><br \/>\n<em>Guardate a Lui, sarete raggianti!<\/em><\/p><\/blockquote>\n","protected":false},"excerpt":{"rendered":"<p>Meditazione per l\u2019Avvento con Esodo Buon Avvento 2020! Cari amici, l\u2019Avvento ci coglie mentre il nostro cammino in ascolto di<\/p>\n","protected":false},"author":1,"featured_media":1922,"comment_status":"open","ping_status":"open","sticky":false,"template":"","format":"standard","meta":{"colormag_page_container_layout":"default_layout","colormag_page_sidebar_layout":"default_layout","_jetpack_memberships_contains_paid_content":false,"footnotes":"","jetpack_publicize_message":"","jetpack_publicize_feature_enabled":true,"jetpack_social_post_already_shared":true,"jetpack_social_options":{"image_generator_settings":{"template":"highway","default_image_id":0,"font":"","enabled":false},"version":2}},"categories":[355],"tags":[77],"class_list":["post-1910","post","type-post","status-publish","format-standard","has-post-thumbnail","hentry","category-in-ascolto-di-esodo","tag-gianmartino-durighello"],"views":1164,"jetpack_publicize_connections":[],"jetpack_featured_media_url":"https:\/\/psallite.net\/wp\/wp-content\/uploads\/2020\/11\/strada-deserto.jpg","jetpack_sharing_enabled":true,"jetpack_likes_enabled":true,"_links":{"self":[{"href":"https:\/\/psallite.net\/wp\/wp-json\/wp\/v2\/posts\/1910","targetHints":{"allow":["GET"]}}],"collection":[{"href":"https:\/\/psallite.net\/wp\/wp-json\/wp\/v2\/posts"}],"about":[{"href":"https:\/\/psallite.net\/wp\/wp-json\/wp\/v2\/types\/post"}],"author":[{"embeddable":true,"href":"https:\/\/psallite.net\/wp\/wp-json\/wp\/v2\/users\/1"}],"replies":[{"embeddable":true,"href":"https:\/\/psallite.net\/wp\/wp-json\/wp\/v2\/comments?post=1910"}],"version-history":[{"count":8,"href":"https:\/\/psallite.net\/wp\/wp-json\/wp\/v2\/posts\/1910\/revisions"}],"predecessor-version":[{"id":1912,"href":"https:\/\/psallite.net\/wp\/wp-json\/wp\/v2\/posts\/1910\/revisions\/1912"}],"wp:featuredmedia":[{"embeddable":true,"href":"https:\/\/psallite.net\/wp\/wp-json\/wp\/v2\/media\/1922"}],"wp:attachment":[{"href":"https:\/\/psallite.net\/wp\/wp-json\/wp\/v2\/media?parent=1910"}],"wp:term":[{"taxonomy":"category","embeddable":true,"href":"https:\/\/psallite.net\/wp\/wp-json\/wp\/v2\/categories?post=1910"},{"taxonomy":"post_tag","embeddable":true,"href":"https:\/\/psallite.net\/wp\/wp-json\/wp\/v2\/tags?post=1910"}],"curies":[{"name":"wp","href":"https:\/\/api.w.org\/{rel}","templated":true}]}}