{"id":1825,"date":"2020-11-07T05:00:20","date_gmt":"2020-11-07T04:00:20","guid":{"rendered":"http:\/\/psallite.net\/wp\/?p=1825"},"modified":"2023-10-07T17:49:44","modified_gmt":"2023-10-07T15:49:44","slug":"xxxii-domenica-del-tempo-ordinario","status":"publish","type":"post","link":"https:\/\/psallite.net\/wp\/2020\/11\/07\/xxxii-domenica-del-tempo-ordinario\/","title":{"rendered":"XXXII domenica del Tempo Ordinario\/A"},"content":{"rendered":"<p><em>di Massimo Palombella<\/em><\/p>\n<p><a href=\"https:\/\/psallite.net\/wp\/wp-content\/uploads\/2020\/11\/Tintoretto-jacopo-vergini-sagge-e-stolte.jpg\"><img loading=\"lazy\" decoding=\"async\" class=\"size-medium wp-image-1834 alignleft\" src=\"https:\/\/psallite.net\/wp\/wp-content\/uploads\/2020\/11\/Tintoretto-jacopo-vergini-sagge-e-stolte-300x240.jpg\" alt=\"\" width=\"300\" height=\"240\" srcset=\"https:\/\/psallite.net\/wp\/wp-content\/uploads\/2020\/11\/Tintoretto-jacopo-vergini-sagge-e-stolte-300x240.jpg 300w, https:\/\/psallite.net\/wp\/wp-content\/uploads\/2020\/11\/Tintoretto-jacopo-vergini-sagge-e-stolte-768x614.jpg 768w, https:\/\/psallite.net\/wp\/wp-content\/uploads\/2020\/11\/Tintoretto-jacopo-vergini-sagge-e-stolte.jpg 876w\" sizes=\"auto, (max-width: 300px) 100vw, 300px\" \/><\/a>Buona XXXII domenica del Tempo Ordinario.<\/p>\n<p>Nel Vangelo di oggi (Mt 25,1-13) Ges\u00f9, attraverso la parabola delle vergini, definisce nuovamente il \u201cregno dei cieli\u201d. \u00c8 interessante notare che il compimento del nostro desiderio, la \u201cvita in abbondanza\u201d, la piena felicit\u00e0\u2026 il \u201cregno dei cieli\u201d viene paragonato ad una festa di nozze. Infatti, il giorno delle nozze rappresenta il punto di arrivo di un insieme di cose: un innamoramento<br \/>\nche si definisce in un progetto di vita, la pulsione sessuale che torva la strada per risolversi in paternit\u00e0 e maternit\u00e0, il compimento di \u201cseparazioni\u201d che devono avvenire per essere persone adulte e per potersi davvero \u201clegare\u201d\u2026 In tutto questo processo esiste qualcosa di profondo, e forse non pienamente percettibile, \u00e8 cio\u00e8 l\u2019intelligenza della vita, la capacit\u00e0 \u2013 anche se non consapevole &#8211; di \u201castrarre\u201d.<\/p>\n<p>Chi si lascia sfidare dal \u201cregno dei cieli\u201d, dalla \u201cvita in abbondanza\u201d dallo scommettere che la vita in pienezza \u00e8 possibile\u2026 avvia un processo di \u201cintelligenza\u201d della vita, una dinamica che mi permette di rendermi conto in anticipo che il mio olio sta finendo, che i miei figli hanno bisogno di un reale futuro, che mia moglie, mio marito hanno bisogno di essere curati e custoditi\u2026 In sostanza, divento capace di non vivere pi\u00f9 alla giornata, di progettare, di \u201castrarre\u201d, di essere come la vergine \u201csaggia\u201d di cui parla il Vangelo.<\/p>\n<p>Questo processo non \u00e8 facile e non \u00e8 esente da tentazioni e cadute. Ma \u201ccadere\u201d, non \u201cavere pi\u00f9 voglia\u201d, perdere il \u201cgusto della vita\u201d, per quanto doloroso, si colloca e si risolve all\u2019interno di un progetto di vita, di un amore che rimane, nonostante le mie cadute, le mie infedelt\u00e0\u2026<\/p>\n<p>Il Signore, ad ogni et\u00e0 della vita, continua a sfidarmi, a chiedermi di essere coraggioso, di lasciare la mie certezze, mi chiede di non rinunciare ad una \u201cintelligenza\u201d della vita. Mi attende quando fatico, mi prende per mano quando non riesco pi\u00f9 a camminare, continua a dirmi la verit\u00e0 anche quando non voglio pi\u00f9 sentirla\u2026 Mi ama come ho bisogno di essere amato per fare di me l\u2019uomo, la donna che posso e devo essere.<\/p>\n<p>L\u2019antifona di ingresso, l\u2019Introito, della Celebrazione odierna \u00e8 tratto dal Salmo 87 (Sal 87, 3)<br \/>\ncon il seguente testo:<br \/>\n<em>\u201cIntret oratio mea in conspectu tuo; <\/em><br \/>\n<em>inclina aurem tuam ad precem meam, Domine\u201d<\/em><br \/>\n(Penetri la mia preghiera alla tua presenza;<br \/>\npiega il tuo orecchio alla mia supplica, Signore).<\/p>\n<p>La musica allegata, in Canto Gregoriano, proviene dal Graduale Triplex pubblicato a Solesmes nel 1979.<\/p>\n<p>L\u2019interpretazione, dal vivo, \u00e8 della Cappella Musicale Pontificia \u201cSistina\u201d alla Celebrazione Papale del 6 novembre 2016.<\/p>\n<p>Buona domenica e un caro saluto.<\/p>\n<div class='w3eden'><!-- WPDM Link Template: Default Template -->\n\n<div class=\"link-template-default card mb-2\">\n    <div class=\"card-body\">\n        <div class=\"media\">\n            <div class=\"mr-3 img-48\"><img decoding=\"async\" class=\"wpdm_icon\" alt=\"Icona\"   src=\"http:\/\/psallite.net\/wp\/wp-content\/plugins\/download-manager\/assets\/file-type-icons\/pdf.svg\" \/><\/div>\n            <div class=\"media-body\">\n                <h3 class=\"package-title\"><a href='https:\/\/psallite.net\/wp\/download\/intret-oratio-mea-introito-graduale-triplex\/'>INTRET ORATIO MEA (introito, Graduale Triplex)<\/a><\/h3>\n                <div class=\"text-muted text-small\"><i class=\"fas fa-copy\"><\/i> 1 file <i class=\"fas fa-hdd ml-3\"><\/i> 520 KB<\/div>\n            <\/div>\n            <div class=\"ml-3\">\n                <a class='wpdm-download-link download-on-click btn btn-primary ' rel='nofollow' href='#' data-downloadurl=\"https:\/\/psallite.net\/wp\/download\/intret-oratio-mea-introito-graduale-triplex\/?wpdmdl=1829&refresh=69f3c09cd6ffe1777582236\">Download<\/a>\n            <\/div>\n        <\/div>\n    <\/div>\n<\/div>\n\n<\/div>\n<p><iframe style=\"border: 0; width: 100%; height: 120px;\" src=\"https:\/\/bandcamp.com\/EmbeddedPlayer\/album=2137607150\/size=large\/bgcol=ffffff\/linkcol=0687f5\/tracklist=false\/artwork=small\/transparent=true\/\" seamless=\"\"><a href=\"https:\/\/psallite.bandcamp.com\/album\/psallite-audio-multimedia-website\">Psallite! Audio multimedia website by Psallite!<\/a><\/iframe><\/p>\n","protected":false},"excerpt":{"rendered":"<p>di Massimo Palombella Buona XXXII domenica del Tempo Ordinario. Nel Vangelo di oggi (Mt 25,1-13) Ges\u00f9, attraverso la parabola delle<\/p>\n","protected":false},"author":1,"featured_media":1834,"comment_status":"open","ping_status":"open","sticky":false,"template":"","format":"standard","meta":{"colormag_page_container_layout":"default_layout","colormag_page_sidebar_layout":"default_layout","_jetpack_memberships_contains_paid_content":false,"footnotes":"","jetpack_publicize_message":"","jetpack_publicize_feature_enabled":true,"jetpack_social_post_already_shared":true,"jetpack_social_options":{"image_generator_settings":{"template":"highway","default_image_id":0,"font":"","enabled":false},"version":2}},"categories":[110],"tags":[112,45],"class_list":["post-1825","post","type-post","status-publish","format-standard","has-post-thumbnail","hentry","category-liturgiamusica","tag-massimo-palombella","tag-tempo-ordinario"],"views":731,"jetpack_publicize_connections":[],"jetpack_featured_media_url":"https:\/\/psallite.net\/wp\/wp-content\/uploads\/2020\/11\/Tintoretto-jacopo-vergini-sagge-e-stolte.jpg","jetpack_sharing_enabled":true,"jetpack_likes_enabled":true,"_links":{"self":[{"href":"https:\/\/psallite.net\/wp\/wp-json\/wp\/v2\/posts\/1825","targetHints":{"allow":["GET"]}}],"collection":[{"href":"https:\/\/psallite.net\/wp\/wp-json\/wp\/v2\/posts"}],"about":[{"href":"https:\/\/psallite.net\/wp\/wp-json\/wp\/v2\/types\/post"}],"author":[{"embeddable":true,"href":"https:\/\/psallite.net\/wp\/wp-json\/wp\/v2\/users\/1"}],"replies":[{"embeddable":true,"href":"https:\/\/psallite.net\/wp\/wp-json\/wp\/v2\/comments?post=1825"}],"version-history":[{"count":6,"href":"https:\/\/psallite.net\/wp\/wp-json\/wp\/v2\/posts\/1825\/revisions"}],"predecessor-version":[{"id":7508,"href":"https:\/\/psallite.net\/wp\/wp-json\/wp\/v2\/posts\/1825\/revisions\/7508"}],"wp:featuredmedia":[{"embeddable":true,"href":"https:\/\/psallite.net\/wp\/wp-json\/wp\/v2\/media\/1834"}],"wp:attachment":[{"href":"https:\/\/psallite.net\/wp\/wp-json\/wp\/v2\/media?parent=1825"}],"wp:term":[{"taxonomy":"category","embeddable":true,"href":"https:\/\/psallite.net\/wp\/wp-json\/wp\/v2\/categories?post=1825"},{"taxonomy":"post_tag","embeddable":true,"href":"https:\/\/psallite.net\/wp\/wp-json\/wp\/v2\/tags?post=1825"}],"curies":[{"name":"wp","href":"https:\/\/api.w.org\/{rel}","templated":true}]}}