{"id":1802,"date":"2020-11-01T05:00:35","date_gmt":"2020-11-01T04:00:35","guid":{"rendered":"http:\/\/psallite.net\/wp\/?p=1802"},"modified":"2020-10-31T18:52:53","modified_gmt":"2020-10-31T17:52:53","slug":"commemorazione-dei-fedeli-defunti","status":"publish","type":"post","link":"https:\/\/psallite.net\/wp\/2020\/11\/01\/commemorazione-dei-fedeli-defunti\/","title":{"rendered":"Commemorazione dei fedeli defunti"},"content":{"rendered":"<p><em>di Massimo Palombella<\/em><\/p>\n<p><a href=\"https:\/\/psallite.net\/wp\/wp-content\/uploads\/2020\/10\/cimitero-3395067_640.jpg\"><img loading=\"lazy\" decoding=\"async\" class=\"size-medium wp-image-1803 alignleft\" src=\"https:\/\/psallite.net\/wp\/wp-content\/uploads\/2020\/10\/cimitero-3395067_640-300x204.jpg\" alt=\"\" width=\"300\" height=\"204\" srcset=\"https:\/\/psallite.net\/wp\/wp-content\/uploads\/2020\/10\/cimitero-3395067_640-300x204.jpg 300w, https:\/\/psallite.net\/wp\/wp-content\/uploads\/2020\/10\/cimitero-3395067_640.jpg 640w\" sizes=\"auto, (max-width: 300px) 100vw, 300px\" \/><\/a>Buona Commemorazione dei fedeli defunti.<\/p>\n<p>Sant\u2019Agostino (354-430) nel capitolo IV del \u201c<em>De cura gerenda pro mortuis<\/em>\u201d parla di preghiere che la Chiesa fa in una commemorazione generale di tutti i fedeli defunti: \u201cmai si debbono trascurare le suppliche per le anime dei defunti: cosa che la Chiesa, in una comune commemorazione, ha fatto da sempre per tutti coloro che sono morti nella comunione cristiana e cattolica, anche senza dirne i nomi\u201d.<br \/>\nNel VI secolo, era consuetudine nei monasteri benedettini di tenere a Pentecoste una commemorazione dei monaci deceduti.<br \/>\nIn Spagna al tempo di Sant&#8217;Isidoro di Siviglia (560-636) tale celebrazione si teneva il Sabato prima della Sessagesima o prima della Pentecoste. In Germania esisteva un\u2019antica celebrazione in cui si<br \/>\npregava per i defunti il 1\u00b0 ottobre.<br \/>\nNel medioevo questa celebrazione lentamente si diffuse in varie diocesi. L&#8217;estensione all&#8217;intera Chiesa sembra potersi rintracciare per la prima volta nell&#8217;Ordo Romanus del XIV secolo, dove il 2 novembre \u00e8 indicato come \u201c<em>anniversarium omnium animarum<\/em>\u201d.<\/p>\n<p>La Chiesa dedica un giorno per ricordare i defunti nella convinzione che per vedere Dio occorre essere liberi da tutto ci\u00f2 che, in qualche modo, ci lega a realt\u00e0 \u201ctemporali\u201d. Ecco allora la necessit\u00e0 di pregare per coloro che sono morti e hanno bisogno di una purificazione, di un liberarsi da tutto ci\u00f2 che non permette ancora la visione di Dio. Questa realt\u00e0 \u00e8 ci\u00f2 che tradizionalmente chiamiamo \u201cpurgatorio\u201d, una situazione a \u201cconfine\u201d tra la storia e l\u2019eternit\u00e0.<br \/>\nRicordare oggi i defunti significa essere a contatto, prendere \u201cfamigliarit\u00e0\u201d con la morte, l\u2019unica cosa davvero certa della nostra vita. La morte mi interroga su quanto sto davvero vivendo, sulla vera qualit\u00e0 della mia vita, su ci\u00f2 che \u00e8 davvero essenziale e non posso permettermi di perdere, su quanto oggi sono davvero pronto per \u201cvedere Dio\u201d.<\/p>\n<p>L\u2019antifona di Offertorio della celebrazione odierna ha il seguente testo:<br \/>\n<em>\u201cDomine, Iesu Christe, Rex glori\u00e6,<br \/>\nlibera animas fidelium defunctorum<br \/>\nde poenis inferni et de profundo lacu:<br \/>\nlibera eas de ore leonis, ne absorbeat eas tartarus, ne cadant in obscurum:<br \/>\nsed signifer sanctus Mich\u00e6l repr\u00e6sentet eas in lucem sanctam:<br \/>\nquam olim Abrah\u00e6 promisisti et semini eius\u201d<\/em><br \/>\n(O Signore Ges\u00f9 Cristo, Re di gloria,<br \/>\nlibera le anime di tutti i fedeli defunti<br \/>\ndalle pene dell\u2019inferno e dalla fossa profonda:<br \/>\nliberale dalle fauci del leone, n\u00e9 le inghiotta il tartaro, n\u00e9 cadano nelle tenebre:<br \/>\nma il vessillifero san Michele le conduca alla luce santa:<br \/>\ncome un tempo promettesti ad Abramo e alla sua discendenza).<\/p>\n<p>La musica allegata \u00e8 di Giovanni Pierluigi da Palestrina (1525-1594), e proviene dalla \u201c<em>Missa pro Defunctis<\/em>\u201d rintracciabile nel Primo Libro delle Messe, nell\u2019edizione del 1591 (IO. PETRO ALOYSIO<br \/>\nPRAENESTINO, <em>Missarum cum Quatuor, Quinque, ac Sex vocibus. Liber Primus<\/em> [Romae, Apud Alexandrum Gardanum, Impensis Iacobi Tormerij 1591]).<\/p>\n<p>L\u2019interpretazione, dal vivo, \u00e8 della Cappella Musicale Pontificia \u201cSistina\u201d alla Celebrazione Papale del 3 novembre 2018.<\/p>\n<p>Buona giornata e un caro saluto.<\/p>\n<div class='w3eden'><!-- WPDM Link Template: Default Template -->\n\n<div class=\"link-template-default card mb-2\">\n    <div class=\"card-body\">\n        <div class=\"media\">\n            <div class=\"mr-3 img-48\"><img decoding=\"async\" class=\"wpdm_icon\" alt=\"Icona\"   src=\"http:\/\/psallite.net\/wp\/wp-content\/plugins\/download-manager\/assets\/file-type-icons\/pdf.svg\" \/><\/div>\n            <div class=\"media-body\">\n                <h3 class=\"package-title\"><a href='https:\/\/psallite.net\/wp\/download\/domine-iesu-christe-rex-gloriae-giovanni-pierluigi-da-palestrina-edizione-a-stampa\/'>DOMINE, IESU CHRISTE, REX GLORI\u00c6, Giovanni Pierluigi da Palestrina [edizione a stampa]<\/a><\/h3>\n                <div class=\"text-muted text-small\"><i class=\"fas fa-copy\"><\/i> 1 file <i class=\"fas fa-hdd ml-3\"><\/i> 17 MB<\/div>\n            <\/div>\n            <div class=\"ml-3\">\n                <a class='wpdm-download-link download-on-click btn btn-primary ' rel='nofollow' href='#' data-downloadurl=\"https:\/\/psallite.net\/wp\/download\/domine-iesu-christe-rex-gloriae-giovanni-pierluigi-da-palestrina-edizione-a-stampa\/?wpdmdl=1808&refresh=69f362994069b1777558169\">Download<\/a>\n            <\/div>\n        <\/div>\n    <\/div>\n<\/div>\n\n<\/div>\n<p><iframe style=\"border: 0; width: 100%; height: 120px;\" src=\"https:\/\/bandcamp.com\/EmbeddedPlayer\/album=2137607150\/size=large\/bgcol=ffffff\/linkcol=0687f5\/tracklist=false\/artwork=small\/track=2315893928\/transparent=true\/\" seamless=\"\"><a href=\"https:\/\/psallite.bandcamp.com\/album\/psallite-audio-multimedia-website\">Psallite! Audio multimedia website by Giovanni Pierluigi da Palestrina<\/a><\/iframe><\/p>\n","protected":false},"excerpt":{"rendered":"<p>di Massimo Palombella Buona Commemorazione dei fedeli defunti. Sant\u2019Agostino (354-430) nel capitolo IV del \u201cDe cura gerenda pro mortuis\u201d parla<\/p>\n","protected":false},"author":1,"featured_media":1803,"comment_status":"open","ping_status":"open","sticky":false,"template":"","format":"standard","meta":{"colormag_page_container_layout":"default_layout","colormag_page_sidebar_layout":"default_layout","_jetpack_memberships_contains_paid_content":false,"footnotes":"","jetpack_publicize_message":"","jetpack_publicize_feature_enabled":true,"jetpack_social_post_already_shared":true,"jetpack_social_options":{"image_generator_settings":{"template":"highway","default_image_id":0,"font":"","enabled":false},"version":2}},"categories":[110],"tags":[250,112],"class_list":["post-1802","post","type-post","status-publish","format-standard","has-post-thumbnail","hentry","category-liturgiamusica","tag-commemorazione-dei-fedeli-defunti","tag-massimo-palombella"],"views":905,"jetpack_publicize_connections":[],"jetpack_featured_media_url":"https:\/\/psallite.net\/wp\/wp-content\/uploads\/2020\/10\/cimitero-3395067_640.jpg","jetpack_sharing_enabled":true,"jetpack_likes_enabled":true,"_links":{"self":[{"href":"https:\/\/psallite.net\/wp\/wp-json\/wp\/v2\/posts\/1802","targetHints":{"allow":["GET"]}}],"collection":[{"href":"https:\/\/psallite.net\/wp\/wp-json\/wp\/v2\/posts"}],"about":[{"href":"https:\/\/psallite.net\/wp\/wp-json\/wp\/v2\/types\/post"}],"author":[{"embeddable":true,"href":"https:\/\/psallite.net\/wp\/wp-json\/wp\/v2\/users\/1"}],"replies":[{"embeddable":true,"href":"https:\/\/psallite.net\/wp\/wp-json\/wp\/v2\/comments?post=1802"}],"version-history":[{"count":6,"href":"https:\/\/psallite.net\/wp\/wp-json\/wp\/v2\/posts\/1802\/revisions"}],"predecessor-version":[{"id":1814,"href":"https:\/\/psallite.net\/wp\/wp-json\/wp\/v2\/posts\/1802\/revisions\/1814"}],"wp:featuredmedia":[{"embeddable":true,"href":"https:\/\/psallite.net\/wp\/wp-json\/wp\/v2\/media\/1803"}],"wp:attachment":[{"href":"https:\/\/psallite.net\/wp\/wp-json\/wp\/v2\/media?parent=1802"}],"wp:term":[{"taxonomy":"category","embeddable":true,"href":"https:\/\/psallite.net\/wp\/wp-json\/wp\/v2\/categories?post=1802"},{"taxonomy":"post_tag","embeddable":true,"href":"https:\/\/psallite.net\/wp\/wp-json\/wp\/v2\/tags?post=1802"}],"curies":[{"name":"wp","href":"https:\/\/api.w.org\/{rel}","templated":true}]}}