{"id":1777,"date":"2020-10-31T05:00:22","date_gmt":"2020-10-31T04:00:22","guid":{"rendered":"http:\/\/psallite.net\/wp\/?p=1777"},"modified":"2021-01-27T19:37:22","modified_gmt":"2021-01-27T18:37:22","slug":"tutti-i-santi-2","status":"publish","type":"post","link":"https:\/\/psallite.net\/wp\/2020\/10\/31\/tutti-i-santi-2\/","title":{"rendered":"Tutti i Santi"},"content":{"rendered":"<p><em>di Massimo Palombella<\/em><\/p>\n<p><a href=\"https:\/\/psallite.net\/wp\/wp-content\/uploads\/2020\/10\/tutti-i-santi-2887463_640.jpg\"><img loading=\"lazy\" decoding=\"async\" class=\"size-medium wp-image-1778 alignleft\" src=\"https:\/\/psallite.net\/wp\/wp-content\/uploads\/2020\/10\/tutti-i-santi-2887463_640-300x200.jpg\" alt=\"\" width=\"300\" height=\"200\" srcset=\"https:\/\/psallite.net\/wp\/wp-content\/uploads\/2020\/10\/tutti-i-santi-2887463_640-300x200.jpg 300w, https:\/\/psallite.net\/wp\/wp-content\/uploads\/2020\/10\/tutti-i-santi-2887463_640.jpg 640w\" sizes=\"auto, (max-width: 300px) 100vw, 300px\" \/><\/a>Buona Solennit\u00e0 di Tutti i Santi.<\/p>\n<p>In occidente nel IV secolo, nel lezionario di W\u00fcrburgo, abbiamo traccia della prima domenica dopo Pentecoste con l&#8217;indicazione \u201c<em>Dominica in natale sanctorum<\/em>\u201d.<br \/>\nIl 13 maggio del 609, Papa Bonifacio IV comp\u00ec la dedicazione del Pantheon consacrandolo come Basilica cristiana alla beata Vergine Maria e a tutti i martiri con il nome di \u201cSancta Maria ad Martyres\u201d, e stabilendo la celebrazione anniversaria.<br \/>\nPapa Gregorio III nel 741 fond\u00f2 un oratorio nella Basilica di San Pietro dedicandolo \u201c<em>in honorem Salvatoris, Sanctae Dei genetricis semperque virginis Mariae dominae nostrae, sanctorumque apostolorum, martyrum quoque et confessorum Christi, perfectorum justorum<\/em>\u201d (in onore del Salvatore, della Santa Madre di Dio e sempre vergine Maria nostra signora, e dei santi apostoli, nonch\u00e9 dei martiri e dei confessori di Cristo, dei giusti perfetti).<br \/>\nGi\u00e0 prima dell&#8217;800 in Irlanda, Inghilterra, Baviera e in alcune Chiese della Gallia si celebrava il 1\u00b0 novembre una festa che il calendario irlandese di Oengus chiama &#8220;dei santi d&#8217;Europa&#8221;.<br \/>\nPapa Gregorio IV (827-844) chiese nell&#8217;835 a Ludovico il Pio (imperatore dell\u2019impero Carolingio dall\u2019814 all\u2019840) che, con un decreto \u201creale\u201d, ordinasse nei suoi stati la celebrazione della festa di Tutti i Santi il 1\u00b0 novembre. Il decreto fu emanato \u201c<em>omnibus regni et imperii sui episcopis consentientibus<\/em>\u201d (essendo d&#8217;accordo tutti i Vescovi del suo regno e impero), e da quel momento la celebrazione, da festa locale di Roma e di qualche Chiesa particolare, cominci\u00f2 ad essere festa generale, che si sparse rapidamente in tutta l&#8217;Europa latina.<br \/>\nPapa Sisto IV (1471-84) vi aggiunse l&#8217;ottava, che fu soppressa da papa Pio XII nel 1955.<\/p>\n<p>Celebrare la festa odierna significa darci del tempo per riflettere sulla reale qualit\u00e0 della nostra vita. Infatti, la \u201csantit\u00e0\u201d rappresenta un cammino verso la pienezza di umanit\u00e0, un cammino che Ges\u00f9 traccia con chiarezza nel Vangelo di oggi (Mt 5,1-12a), le Beatitudini.<br \/>\nL\u2019essere povero, mite, affamato e assetato di giustizia, misericordioso, puro di cuore&#8230;rappresentano una precisa scelta nella mia vita, una lenta conversione di come leggo, giudico e mi atteggio davanti alla realt\u00e0.<br \/>\nLa \u201csantit\u00e0\u201d non \u00e8 allora solo un faticoso costruire un futuro di felicit\u00e0, di pienezza che guster\u00f2 \u2013 forse &#8211; dopo la morte, ma gi\u00e0 ora iniziare a vivere in felicit\u00e0 e pienezza attraverso le mie concrete scelte di ogni giorno.<\/p>\n<p>L\u2019antifona di Offertorio della celebrazione odierna \u00e8 tratta dal libro della Sapienza (Sap 3, 1.2.3) con il seguente testo:<br \/>\n<em>\u201cJustorum animae in manu Dei sunt, <\/em><br \/>\n<em>et non tanget illos tormentum maliti\u00e6. <\/em><br \/>\n<em>Visi sunt oculis insipientium mori; <\/em><br \/>\n<em>illi autem sunt in pace\u201d<\/em><br \/>\n(Le anime dei giusti sono nella mano di Dio<br \/>\ne non li toccher\u00e0 nessun tormento di male;<br \/>\nagli occhi degli insensati \u00e8 parso che morissero,<br \/>\nma essi sono nella pace).<\/p>\n<p>La musica allegata \u00e8 di Charles Villiers Stanford (Dublino, 1852 &#8211; Londra, 1924) e proviene dai <em>Three Latin Motets<\/em> (op. 38), pubblicati da Boosey &amp; Co. a Londra nel 1905.<br \/>\nL\u2019interpretazione, dal vivo, \u00e8 della Cappella Musicale Pontificia \u201cSistina\u201d alla Celebrazione Papale del 3 novembre 2015.<\/p>\n<p>Buona domenica, buona Solennit\u00e0 di Tutti i Santi e un caro saluto.<\/p>\n<div class='w3eden'><!-- WPDM Link Template: Default Template -->\n\n<div class=\"link-template-default card mb-2\">\n    <div class=\"card-body\">\n        <div class=\"media\">\n            <div class=\"mr-3 img-48\"><img decoding=\"async\" class=\"wpdm_icon\" alt=\"Icona\"   src=\"http:\/\/psallite.net\/wp\/wp-content\/plugins\/download-manager\/assets\/file-type-icons\/pdf.svg\" \/><\/div>\n            <div class=\"media-body\">\n                <h3 class=\"package-title\"><a href='https:\/\/psallite.net\/wp\/download\/justorum-animae-charles-villiers-stanford\/'>JUSTORUM ANIMAE, Charles Villiers Stanford<\/a><\/h3>\n                <div class=\"text-muted text-small\"><i class=\"fas fa-copy\"><\/i> 1 file <i class=\"fas fa-hdd ml-3\"><\/i> 476 KB<\/div>\n            <\/div>\n            <div class=\"ml-3\">\n                <a class='wpdm-download-link download-on-click btn btn-primary ' rel='nofollow' href='#' data-downloadurl=\"https:\/\/psallite.net\/wp\/download\/justorum-animae-charles-villiers-stanford\/?wpdmdl=1786&refresh=69f2d0c0a048b1777520832\">Download<\/a>\n            <\/div>\n        <\/div>\n    <\/div>\n<\/div>\n\n<\/div>\n<p><iframe style=\"border: 0; width: 100%; height: 120px;\" src=\"https:\/\/bandcamp.com\/EmbeddedPlayer\/album=2137607150\/size=large\/bgcol=ffffff\/linkcol=0687f5\/tracklist=false\/artwork=small\/track=474554297\/transparent=true\/\" seamless=\"\"><a href=\"https:\/\/psallite.bandcamp.com\/album\/psallite-audio-multimedia-website\">Psallite! Audio multimedia website by Charles Villiers Stanford<\/a><\/iframe><\/p>\n","protected":false},"excerpt":{"rendered":"<p>di Massimo Palombella Buona Solennit\u00e0 di Tutti i Santi. In occidente nel IV secolo, nel lezionario di W\u00fcrburgo, abbiamo traccia<\/p>\n","protected":false},"author":1,"featured_media":1778,"comment_status":"closed","ping_status":"closed","sticky":false,"template":"","format":"standard","meta":{"colormag_page_container_layout":"default_layout","colormag_page_sidebar_layout":"default_layout","_jetpack_memberships_contains_paid_content":false,"footnotes":"","jetpack_publicize_message":"","jetpack_publicize_feature_enabled":true,"jetpack_social_post_already_shared":true,"jetpack_social_options":{"image_generator_settings":{"template":"highway","default_image_id":0,"font":"","enabled":false},"version":2}},"categories":[110],"tags":[112,249],"class_list":["post-1777","post","type-post","status-publish","format-standard","has-post-thumbnail","hentry","category-liturgiamusica","tag-massimo-palombella","tag-tutti-i-santi"],"views":922,"jetpack_publicize_connections":[],"jetpack_featured_media_url":"https:\/\/psallite.net\/wp\/wp-content\/uploads\/2020\/10\/tutti-i-santi-2887463_640.jpg","jetpack_sharing_enabled":true,"jetpack_likes_enabled":true,"_links":{"self":[{"href":"https:\/\/psallite.net\/wp\/wp-json\/wp\/v2\/posts\/1777","targetHints":{"allow":["GET"]}}],"collection":[{"href":"https:\/\/psallite.net\/wp\/wp-json\/wp\/v2\/posts"}],"about":[{"href":"https:\/\/psallite.net\/wp\/wp-json\/wp\/v2\/types\/post"}],"author":[{"embeddable":true,"href":"https:\/\/psallite.net\/wp\/wp-json\/wp\/v2\/users\/1"}],"replies":[{"embeddable":true,"href":"https:\/\/psallite.net\/wp\/wp-json\/wp\/v2\/comments?post=1777"}],"version-history":[{"count":5,"href":"https:\/\/psallite.net\/wp\/wp-json\/wp\/v2\/posts\/1777\/revisions"}],"predecessor-version":[{"id":1793,"href":"https:\/\/psallite.net\/wp\/wp-json\/wp\/v2\/posts\/1777\/revisions\/1793"}],"wp:featuredmedia":[{"embeddable":true,"href":"https:\/\/psallite.net\/wp\/wp-json\/wp\/v2\/media\/1778"}],"wp:attachment":[{"href":"https:\/\/psallite.net\/wp\/wp-json\/wp\/v2\/media?parent=1777"}],"wp:term":[{"taxonomy":"category","embeddable":true,"href":"https:\/\/psallite.net\/wp\/wp-json\/wp\/v2\/categories?post=1777"},{"taxonomy":"post_tag","embeddable":true,"href":"https:\/\/psallite.net\/wp\/wp-json\/wp\/v2\/tags?post=1777"}],"curies":[{"name":"wp","href":"https:\/\/api.w.org\/{rel}","templated":true}]}}