{"id":1546,"date":"2020-08-14T05:00:47","date_gmt":"2020-08-14T03:00:47","guid":{"rendered":"http:\/\/psallite.net\/wp\/?p=1546"},"modified":"2021-08-13T10:15:08","modified_gmt":"2021-08-13T08:15:08","slug":"assunzione-di-maria-in-cielo","status":"publish","type":"post","link":"https:\/\/psallite.net\/wp\/2020\/08\/14\/assunzione-di-maria-in-cielo\/","title":{"rendered":"Assunzione Beata Vergine Maria"},"content":{"rendered":"<p><em>di Massimo Palombella<\/em><\/p>\n<p><a href=\"https:\/\/psallite.net\/wp\/wp-content\/uploads\/2020\/08\/Assunzione-Vergine-Maria-Guido-Reni-Alte-Pinakothek-Munich-Germany2017.jpg\"><img loading=\"lazy\" decoding=\"async\" class=\"size-medium wp-image-1540 alignleft\" src=\"https:\/\/psallite.net\/wp\/wp-content\/uploads\/2020\/08\/Assunzione-Vergine-Maria-Guido-Reni-Alte-Pinakothek-Munich-Germany2017-210x300.jpg\" alt=\"\" width=\"210\" height=\"300\" srcset=\"https:\/\/psallite.net\/wp\/wp-content\/uploads\/2020\/08\/Assunzione-Vergine-Maria-Guido-Reni-Alte-Pinakothek-Munich-Germany2017-210x300.jpg 210w, https:\/\/psallite.net\/wp\/wp-content\/uploads\/2020\/08\/Assunzione-Vergine-Maria-Guido-Reni-Alte-Pinakothek-Munich-Germany2017.jpg 717w\" sizes=\"auto, (max-width: 210px) 100vw, 210px\" \/><\/a>Il Dogma, la verit\u00e0 di fede, circa l\u2019Assunzione di Maria al cielo fu proclamato da Papa Pio XII il 1\u00b0 novembre del 1950 con la Costituzione Apostolica <em>Munificentissimus Deus<\/em>. Tale dogma \u00e8 l\u2019ultimo storicamente definito nella Chiesa.<\/p>\n<p>La proclamazione dogmatica ha rappresentato il punto di arrivo di un lungo cammino della Chiesa che, da secoli, nella pratica Liturgia ha celebrato Maria Assunta in cielo.<\/p>\n<p>Le origini della festa dell\u2019Assunzione si trovano in Oriente, nella met\u00e0 del VI sec., come risulta dalla narrazione dei pellegrini che hanno visitato Gerusalemme in quegli anni. Verso la fine del VII, l\u2019imperatore Maurizio estende la festa a tutte le regioni dell\u2019Impero, fissandola al 15 agosto. In Occidente, i primi segni di una festa \u201cin memoria\u201d della Vergine appaiono nel VI secolo, precisamente nella Gallia, dove viene celebrata il 18 gennaio sotto il titolo di <em>Depositio Sanctae Mariae<\/em>.<\/p>\n<p>A Roma la celebrazione della festa dell\u2019Assunzione di Maria viene introdotta nel VII secolo da Papa Sergio I, assieme ad altre feste mariane: la Purificazione, l\u2019Annunciazione e la Nativit\u00e0; e ben presto diviene anche la pi\u00f9 importante di tutte, conservando fin dalle origini sia il nome sia il significato attuali. Da Roma poi si estende rapidamente, durante i secoli VIII e IX, a tutto l\u2019Occidente, anche nella Gallia, precisando il contenuto e stabilendo la data della festa al 15 di agosto.<\/p>\n<p>E\u2019 interessante ancora notare che la festa odierna \u00e8 celebrata in un giorno chiamato \u201cFerragosto\u201d, nome che deriva dalla locuzione latina <em>feriae Augusti<\/em> (riposo di Augusto) indicante una festivit\u00e0 istituita dall&#8217;imperatore Augusto nel 18 a.C. che si aggiungeva alle esistenti e antichissime festivit\u00e0 cadenti nello stesso mese, come i <em>Vinalia rustica<\/em> o i <em>Consualia<\/em>, per celebrare i raccolti e la fine dei principali lavori agricoli. L&#8217;antico Ferragosto, oltre agli evidenti fini di autopromozione politica, aveva lo scopo di collegare le principali festivit\u00e0 agostane per fornire un adeguato periodo di riposo, anche detto <em>Augustali<\/em>, necessario dopo le grandi fatiche profuse durante le settimane precedenti.<\/p>\n<p>Maria Assunta in cielo ci indica una precisa meta, un punto certo di arrivo di ogni nostro atto umano. La nostra storia, le gioie, i dolori, l\u2019amare, la passione, la fatica, i successi, i fallimenti, le<br \/>\nnostre lacrime\u2026 nulla verr\u00e0 perso, ma tutto sar\u00e0 trasformato, trasfigurato in senso, in \u201cvita in abbondanza\u201d, in pienezza di umanit\u00e0. Noi vedremo Dio faccia a faccia, e solo questo sar\u00e0 il compimento di tutto, ci\u00f2 che dar\u00e0 senso a ogni frammento della nostra vita.<\/p>\n<p>L\u2019Antifona di Offertorio di oggi ha il seguente testo:<br \/>\n\u201cAssumpta est Maria in coelum:<br \/>\ngaudent angeli, collaudantes benedicunt Dominum, alleluia\u201d<br \/>\n(Maria \u00e8 stata assunta in cielo,<br \/>\ngioiscono gli Angeli e lodandolo benedicono il Signore, alleluia)<\/p>\n<p>La musica allegata \u00e8 di Giovanni Pierluigi da Palestrina (1525-1594), e proviene dal libro degli \u201c<em>Offertoria totius anni<\/em>\u201d pubblicato a Roma nel 1593 (Ioan. Petro Aloysio Praenestino, Offertoria totius anni [Romae, Apud Franciscum Coattinum, 1593]).<br \/>\nL\u2019interpretazione \u00e8 affidata a \u201cThe Sixteen\u201d diretti da Harry Christophers. Il brano musicale \u00e8 contenuto nell\u2019CD \u201cPalestrina Vol. 1\u201d edito da \u201cCoro\u201d nel 2011.<\/p>\n<p>Buona Solennit\u00e0 dell\u2019Assunta, buon ferragosto e un caro saluto.<\/p>\n<div class='w3eden'><!-- WPDM Link Template: Default Template -->\n\n<div class=\"link-template-default card mb-2\">\n    <div class=\"card-body\">\n        <div class=\"media\">\n            <div class=\"mr-3 img-48\"><img decoding=\"async\" class=\"wpdm_icon\" alt=\"Icona\"   src=\"http:\/\/psallite.net\/wp\/wp-content\/plugins\/download-manager\/assets\/file-type-icons\/pdf.svg\" \/><\/div>\n            <div class=\"media-body\">\n                <h3 class=\"package-title\"><a href='https:\/\/psallite.net\/wp\/download\/assumpta-est-maria-a-5-giovanni-pierluigi-da-palestrina-edizione-a-stampa\/'>ASSUMPTA EST MARIA a 5, Giovanni Pierluigi da Palestrina [edizione a stampa]<\/a><\/h3>\n                <div class=\"text-muted text-small\"><i class=\"fas fa-copy\"><\/i> 1 file <i class=\"fas fa-hdd ml-3\"><\/i> 2 MB<\/div>\n            <\/div>\n            <div class=\"ml-3\">\n                <a class='wpdm-download-link download-on-click btn btn-primary ' rel='nofollow' href='#' data-downloadurl=\"https:\/\/psallite.net\/wp\/download\/assumpta-est-maria-a-5-giovanni-pierluigi-da-palestrina-edizione-a-stampa\/?wpdmdl=1542&refresh=69f364d0082e01777558736\">Download<\/a>\n            <\/div>\n        <\/div>\n    <\/div>\n<\/div>\n\n<\/div>\n<div class=\"jetpack-video-wrapper\"><iframe loading=\"lazy\" title=\"Assumpta est Maria a 5 (Offertory) : Assumpta est Maria a 5 (Offertory)\" width=\"800\" height=\"600\" src=\"https:\/\/www.youtube.com\/embed\/Btv10XHFJ-o?feature=oembed\" frameborder=\"0\" allow=\"accelerometer; autoplay; encrypted-media; gyroscope; picture-in-picture\" allowfullscreen><\/iframe><\/div>\n","protected":false},"excerpt":{"rendered":"<p>di Massimo Palombella Il Dogma, la verit\u00e0 di fede, circa l\u2019Assunzione di Maria al cielo fu proclamato da Papa Pio<\/p>\n","protected":false},"author":1,"featured_media":1540,"comment_status":"open","ping_status":"open","sticky":false,"template":"","format":"standard","meta":{"colormag_page_container_layout":"default_layout","colormag_page_sidebar_layout":"default_layout","_jetpack_memberships_contains_paid_content":false,"footnotes":"","jetpack_publicize_message":"","jetpack_publicize_feature_enabled":true,"jetpack_social_post_already_shared":true,"jetpack_social_options":{"image_generator_settings":{"template":"highway","default_image_id":0,"font":"","enabled":false},"version":2}},"categories":[110],"tags":[104,112],"class_list":["post-1546","post","type-post","status-publish","format-standard","has-post-thumbnail","hentry","category-liturgiamusica","tag-assunzione-beata-vergine-maria","tag-massimo-palombella"],"views":886,"jetpack_publicize_connections":[],"jetpack_featured_media_url":"https:\/\/psallite.net\/wp\/wp-content\/uploads\/2020\/08\/Assunzione-Vergine-Maria-Guido-Reni-Alte-Pinakothek-Munich-Germany2017.jpg","jetpack_sharing_enabled":true,"jetpack_likes_enabled":true,"_links":{"self":[{"href":"https:\/\/psallite.net\/wp\/wp-json\/wp\/v2\/posts\/1546","targetHints":{"allow":["GET"]}}],"collection":[{"href":"https:\/\/psallite.net\/wp\/wp-json\/wp\/v2\/posts"}],"about":[{"href":"https:\/\/psallite.net\/wp\/wp-json\/wp\/v2\/types\/post"}],"author":[{"embeddable":true,"href":"https:\/\/psallite.net\/wp\/wp-json\/wp\/v2\/users\/1"}],"replies":[{"embeddable":true,"href":"https:\/\/psallite.net\/wp\/wp-json\/wp\/v2\/comments?post=1546"}],"version-history":[{"count":2,"href":"https:\/\/psallite.net\/wp\/wp-json\/wp\/v2\/posts\/1546\/revisions"}],"predecessor-version":[{"id":3410,"href":"https:\/\/psallite.net\/wp\/wp-json\/wp\/v2\/posts\/1546\/revisions\/3410"}],"wp:featuredmedia":[{"embeddable":true,"href":"https:\/\/psallite.net\/wp\/wp-json\/wp\/v2\/media\/1540"}],"wp:attachment":[{"href":"https:\/\/psallite.net\/wp\/wp-json\/wp\/v2\/media?parent=1546"}],"wp:term":[{"taxonomy":"category","embeddable":true,"href":"https:\/\/psallite.net\/wp\/wp-json\/wp\/v2\/categories?post=1546"},{"taxonomy":"post_tag","embeddable":true,"href":"https:\/\/psallite.net\/wp\/wp-json\/wp\/v2\/tags?post=1546"}],"curies":[{"name":"wp","href":"https:\/\/api.w.org\/{rel}","templated":true}]}}