{"id":10325,"date":"2026-04-06T05:00:07","date_gmt":"2026-04-06T03:00:07","guid":{"rendered":"https:\/\/psallite.net\/wp\/?p=10325"},"modified":"2026-03-30T19:20:26","modified_gmt":"2026-03-30T17:20:26","slug":"ii-domenica-di-pasqua-in-albis-anno-a-4","status":"publish","type":"post","link":"https:\/\/psallite.net\/wp\/2026\/04\/06\/ii-domenica-di-pasqua-in-albis-anno-a-4\/","title":{"rendered":"II Domenica di Pasqua (in albis) &#8211; anno A"},"content":{"rendered":"<h4>La riflessione e la proposta di repertorio musicale per la liturgia<\/h4>\n<figure id=\"attachment_4593\" aria-describedby=\"caption-attachment-4593\" style=\"width: 300px\" class=\"wp-caption alignleft\"><a href=\"https:\/\/psallite.net\/wp\/wp-content\/uploads\/2022\/05\/Giotto-di-Bondone-risurrezione-cappella-scrovegni-padova.jpg\"><img loading=\"lazy\" decoding=\"async\" class=\"size-medium wp-image-4593\" src=\"https:\/\/psallite.net\/wp\/wp-content\/uploads\/2022\/05\/Giotto-di-Bondone-risurrezione-cappella-scrovegni-padova-300x278.jpg\" alt=\"\" width=\"300\" height=\"278\" srcset=\"https:\/\/psallite.net\/wp\/wp-content\/uploads\/2022\/05\/Giotto-di-Bondone-risurrezione-cappella-scrovegni-padova-300x278.jpg 300w, https:\/\/psallite.net\/wp\/wp-content\/uploads\/2022\/05\/Giotto-di-Bondone-risurrezione-cappella-scrovegni-padova-768x711.jpg 768w, https:\/\/psallite.net\/wp\/wp-content\/uploads\/2022\/05\/Giotto-di-Bondone-risurrezione-cappella-scrovegni-padova.jpg 1000w\" sizes=\"auto, (max-width: 300px) 100vw, 300px\" \/><\/a><figcaption id=\"caption-attachment-4593\" class=\"wp-caption-text\"><em>Giotto di Bondone, Risurrezione, Cappella degli Scrovegni, Padova, 1303-1305 circa<\/em><\/figcaption><\/figure>\n<p><strong><span style=\"color: #ff0000;\">II Domenica di Pasqua\u00a0<em>(Domenica in albis)<\/em> &#8211; anno A<\/span><br \/>\n12 Aprile 2026<\/strong><br \/>\n<strong>\u00a0<\/strong><br \/>\n<strong>Preghiera di COLLETTA<\/strong><br \/>\n<em>Signore Dio nostro,<br \/>\nche nella tua grande misericordia<br \/>\nci hai rigenerati a una speranza viva<br \/>\nmediante la risurrezione del tuo Figlio,<br \/>\naccresci in noi, sulla testimonianza degli Apostoli,<br \/>\nla fede pasquale, perch\u00e9 aderendo a lui<br \/>\npur senza averlo visto riceviamo il frutto della vita nuova.<br \/>\nPer il nostro Signore Ges\u00f9 Cristo,<br \/>\ntuo Figlio, che \u00e8 Dio, e vive e regna con te,<br \/>\nnell&#8217;unit\u00e0 dello Spirito Santo, per tutti i secoli dei secoli.<br \/>\nper tutti i secoli dei secoli. AMEN.<\/em><\/p>\n<p><strong>La riflessione<\/strong> <em>di Suor Maria Alessia Giovanna Pantaleo<br \/>\n<\/em>La risurrezione di Cristo \u00e8 l\u2019evento da cui prende il via tutta la missione della Chiesa. Il tempo pasquale \u00e8 detto, infatti, \u201ctempo della Chiesa\u201d, quale primo frutto della Spirito effuso dal Signore Ges\u00f9.<br \/>\nIl primo volto della Chiesa ci viene svelato proprio in questa prima domenica dopo Pasqua: la chiesa \u00e8 l\u2019insieme dei discepoli convocati attorno al Risorto. Questa \u201cconvocazione\u201d \u00e8 il momento in cui \u00e8 dato ai credenti di fare l\u2019esperienza della risurrezione. \u00c8 quello che accade \u201cil giorno dopo il sabato\u201d e \u201cotto giorni dopo\u201d ai discepoli di Ges\u00f9 riuniti e rinchiusi nel \u201cluogo in cui si trovavano\u201d dopo la dipartita del loro maestro ed \u00e8 quello che accade a noi ogni domenica, giorno del Signore risorto. La celebrazione domenicale, infatti, pone al centro fondamentalmente tre realt\u00e0, tre misteri: il mistero della Pasqua, l\u2019eucaristia e la comunit\u00e0 cristiana. Il Signore risorto si fa\u2019 presente nell\u2019eucaristia, ma l\u2019eucaristia trova il suo compimento nella comunit\u00e0 dei credenti riunita attorno ad un&#8217;unica mensa, animata dagli stessi sentimenti del Maestro e nutrita al fonte e al calice stesso dell\u2019amore. L\u2019 eucaristia \u00e8, infatti, schola amoris: \u00e8 l\u2019espressione pi\u00f9 alta dell\u2019amore e della comunione, da cui la Chiesa \u00e8 rinnovata, vivificata ed edificata perch\u00e9, \u201cresa perfetta nella carit\u00e0\u201d, sia sacramento del mistero di Cristo e testimone autentica della sua presenza viva nel mondo.<\/p>\n<p><strong>Il repertorio musicale per la celebrazione eucaristica<\/strong><em>\u00a0di Don Graziano Ghisolfi<\/em><br \/>\nAbbreviazioni<br \/>\nAdV<em>: Armonia di Voci<\/em><em>\u00a0(LDC, Leumann &#8211; Torino, edizione 1997)<\/em><br \/>\nCdP<em>: Nella Casa del Padre (LDC, Leumann &#8211; Torino, edizione 1997)<br \/>\n<\/em>CD:\u00a0<em>Cantemus Domino<\/em><em>\u00a0(Repertorio Diocesi di Milano, Centro Ambrosiano, 1992)<\/em><br \/>\nLD<em>: Lodate Dio (Repertorio Diocesi di Lugano, Carrara, 1985, 3\u00b0 ed.)<\/em><br \/>\nMeA: Musica e Assemblea<em>\u00a0(EDB, Bologna)<\/em><br \/>\nRN<em>: Repertorio Nazionale di Canti per la Liturgia<br \/>\n<\/em>Psallite<em>: Repertorio di canti per la liturgia del sito web Psallite!<\/em><\/p>\n<p>Ingresso<br \/>\n<strong>ALLELUIA, GIORNO DI CRISTO RISORTO\u00a0<\/strong>(F.Rainoldi; RN 165 &#8211; CdP 532)<br \/>\n<em>oppure<\/em><br \/>\n<strong>CRISTO RISORTO<\/strong>\u00a0(G.Gai; RN 174 &#8211; AdV 1993\/6 &#8211; CL 210)<br \/>\n<em>oppure<\/em><br \/>\n<strong>LA PASQUA DEL SIGNORE<\/strong>\u00a0(G.Gianolio-ignoto sec.XVII; CdP 552 &#8211; CL 215)<\/p>\n<p>Aspersione<br \/>\n<strong>ACQUA VIVA<\/strong>\u00a0(S.Albisetti-D.Rimaud-E.Costa-F.Rainoldi; RN 162 &#8211; LD 754)<\/p>\n<p>Atto penitenziale<br \/>\n<strong>SIGNORE, CHE NEL TUO SANGUE<\/strong>\u00a0(N.Vitone; CdP 207)<\/p>\n<p>Inno di lode<br \/>\n<strong>GLORIA IN EXCELSIS DEO<\/strong>\u00a0(gregoriano Missa VIII &#8220;de Angelis&#8221;; CdP 224 &#8211; RN 7 &#8211; CL 6B)<br \/>\n<em>oppure<\/em><br \/>\n<strong>GLORIA IN EXCELSIS DEO<\/strong>\u00a0(J.P.L\u00e9cot; RN 8 &#8211; CdP 223 &#8211; CL 55)<br \/>\n<em>oppure<\/em><strong><br \/>\nGLORIA A DIO<\/strong>\u00a0(L.Picchi; RN 5 &#8211; CdP 220 &#8211; CL 57)<\/p>\n<p>Salmo responsoriale<br \/>\n<strong>Rendete grazie al Signore perch\u00e9 \u00e8 buono: il suo amore \u00e8 per sempre<\/strong> \u00a0(<a href=\"https:\/\/www.teleradiopadrepio.it\/wp-content\/uploads\/Impagliatelli-salmo-pasquaB2.pdf\" target=\"_blank\" rel=\"noopener\">pdf<\/a>\/<a href=\"https:\/\/www.teleradiopadrepio.it\/wp-content\/uploads\/salmo-pasquaB2.mp3\" target=\"_blank\" rel=\"noopener\">mp3<\/a>\u00a0da \u201c<em>Voce di Padre Pio\u201d<\/em>)<br \/>\n<em>oppure<br \/>\n<\/em><div class='w3eden'><!-- WPDM Link Template: Default Template -->\n\n<div class=\"link-template-default card mb-2\">\n    <div class=\"card-body\">\n        <div class=\"media\">\n            <div class=\"mr-3 img-48\"><img decoding=\"async\" class=\"wpdm_icon\" alt=\"Icona\"   src=\"http:\/\/psallite.net\/wp\/wp-content\/plugins\/download-manager\/assets\/file-type-icons\/pdf.svg\" \/><\/div>\n            <div class=\"media-body\">\n                <h3 class=\"package-title\"><a href='https:\/\/psallite.net\/wp\/download\/salmi-responsoriali-del-tempo-di-pasqua-anno-c\/'>SALMI RESPONSORIALI del Tempo di Pasqua-anno C<\/a><\/h3>\n                <div class=\"text-muted text-small\"><i class=\"fas fa-copy\"><\/i> 1 file <i class=\"fas fa-hdd ml-3\"><\/i> 2 MB<\/div>\n            <\/div>\n            <div class=\"ml-3\">\n                <a class='wpdm-download-link download-on-click btn btn-primary ' rel='nofollow' href='#' data-downloadurl=\"https:\/\/psallite.net\/wp\/download\/salmi-responsoriali-del-tempo-di-pasqua-anno-c\/?wpdmdl=4559&refresh=69f2a62a32f741777509930\">Download<\/a>\n            <\/div>\n        <\/div>\n    <\/div>\n<\/div>\n\n<\/div><br \/>\n<em>oppure<br \/>\n<\/em><div class='w3eden'><!-- WPDM Link Template: Default Template -->\n\n<div class=\"link-template-default card mb-2\">\n    <div class=\"card-body\">\n        <div class=\"media\">\n            <div class=\"mr-3 img-48\"><img decoding=\"async\" class=\"wpdm_icon\" alt=\"Icona\"   src=\"http:\/\/psallite.net\/wp\/wp-content\/plugins\/download-manager\/assets\/file-type-icons\/pdf.svg\" \/><\/div>\n            <div class=\"media-body\">\n                <h3 class=\"package-title\"><a href='https:\/\/psallite.net\/wp\/download\/ii-domenica-di-pasqua-anno-c-suor-maria-alessia-pantaleo\/'>II Domenica di Pasqua - anno C [Suor Maria Alessia Pantaleo]<\/a><\/h3>\n                <div class=\"text-muted text-small\"><i class=\"fas fa-copy\"><\/i> 1 file <i class=\"fas fa-hdd ml-3\"><\/i> 188 KB<\/div>\n            <\/div>\n            <div class=\"ml-3\">\n                <a class='wpdm-download-link download-on-click btn btn-primary ' rel='nofollow' href='#' data-downloadurl=\"https:\/\/psallite.net\/wp\/download\/ii-domenica-di-pasqua-anno-c-suor-maria-alessia-pantaleo\/?wpdmdl=4470&refresh=69f2a62a595031777509930\">Download<\/a>\n            <\/div>\n        <\/div>\n    <\/div>\n<\/div>\n\n<\/div><\/p>\n<p>Sequenza<br \/>\n<strong>VICTIMAE PASCHALI<\/strong>\u00a0(gregoriano)<\/p>\n<p>Canto al Vangelo<br \/>\n<strong>ALLELUIA. LA SANTA PASQUA<\/strong>\u00a0<em><strong>(Alleluia, O filii et filiae)\u00a0<\/strong><\/em>(S.Albisetti; RN 167 &#8211; CdP 134 &#8211; CD 289 &#8211; LD 627)<\/p>\n<p>Professione di fede<br \/>\n<strong>CREDO<\/strong>\u00a0(A.Parisi; Psallite)<\/p>\n<p>Presentazione dei doni<br \/>\n<strong>CRISTO \u00c8 RISORTO &#8211; CRISTO RISUSCITI<\/strong>\u00a0(S.Albisetti-ignoto sec.XII; RN 171 &#8211; LD 627 &#8211; 211)<br \/>\n<em>oppure<\/em><br \/>\n<strong>CRISTO \u00c8 RISORTO, ALLELUIA!<\/strong>\u00a0(M.Piatti-G.F.Haendel; RN 172 &#8211; CdP 541 &#8211; CL 208)<\/p>\n<p>Santo<br \/>\n<strong>SANTO\u00a0<\/strong>(J.Dykes; RN 22ord &#8211; CdP 316)<\/p>\n<p>Anamnesi<br \/>\n<strong>ANNUNCIAMO LA TUA MORTE, SIGNORE<\/strong>\u00a0(G.Stefani; RN 28 &#8211; CdP 327)<\/p>\n<p>Dossologia<br \/>\n<strong>AMEN!\u00a0<\/strong>(G.M.Rossi; RN 32 &#8211; CdP 342)<\/p>\n<p>Frazione del pane<br \/>\n<strong>AGNELLO DI DIO\u00a0<\/strong>(D.Stefani; RN 38 &#8211; CdP 382)<\/p>\n<p>Comunione<br \/>\n<strong>GIORNO SANTO DEL SIGNORE DIO\u00a0<\/strong>(G.M.Rossi &#8211; \u00abNel giorno del Signore\u00bb, p. 54)<br \/>\n<em>oppure<\/em><br \/>\n<strong>TU PERCORRI CON NOI\u00a0<\/strong>(A.Burzoni-J.Berthier-D.Stefani; RN 307 &#8211; CdP 744)<br \/>\n<em>oppure<\/em><br \/>\n<strong>CRISTO NOSTRA PASQUA \u00c8 STATO IMMOLATO\u00a0<\/strong>(A.Parisi; Psallite)<\/p>\n<p>Congedo<br \/>\n<strong>CRISTO SPLENDORE DEL PADRE<\/strong>\u00a0(F.Rainoldi-J.Berthier; RN 175 &#8211; CdP 634)<\/p>\n","protected":false},"excerpt":{"rendered":"<p>La riflessione e la proposta di repertorio musicale per la liturgia II Domenica di Pasqua\u00a0(Domenica in albis) &#8211; anno A<\/p>\n","protected":false},"author":1,"featured_media":4593,"comment_status":"closed","ping_status":"closed","sticky":false,"template":"","format":"standard","meta":{"colormag_page_container_layout":"default_layout","colormag_page_sidebar_layout":"default_layout","_jetpack_memberships_contains_paid_content":false,"footnotes":"","jetpack_publicize_message":"","jetpack_publicize_feature_enabled":true,"jetpack_social_post_already_shared":true,"jetpack_social_options":{"image_generator_settings":{"template":"highway","default_image_id":0,"font":"","enabled":false},"version":2}},"categories":[2],"tags":[56,57,62,58,27],"class_list":["post-10325","post","type-post","status-publish","format-standard","has-post-thumbnail","hentry","category-cantare-il-giorno-del-signore","tag-anno-a","tag-don-graziano-ghisolfi","tag-pasqua","tag-suor-maria-alessia-pantaleo-ajc","tag-tempo-di-pasqua"],"views":384,"jetpack_publicize_connections":[],"jetpack_featured_media_url":"https:\/\/psallite.net\/wp\/wp-content\/uploads\/2022\/05\/Giotto-di-Bondone-risurrezione-cappella-scrovegni-padova.jpg","jetpack_sharing_enabled":true,"jetpack_likes_enabled":true,"_links":{"self":[{"href":"https:\/\/psallite.net\/wp\/wp-json\/wp\/v2\/posts\/10325","targetHints":{"allow":["GET"]}}],"collection":[{"href":"https:\/\/psallite.net\/wp\/wp-json\/wp\/v2\/posts"}],"about":[{"href":"https:\/\/psallite.net\/wp\/wp-json\/wp\/v2\/types\/post"}],"author":[{"embeddable":true,"href":"https:\/\/psallite.net\/wp\/wp-json\/wp\/v2\/users\/1"}],"replies":[{"embeddable":true,"href":"https:\/\/psallite.net\/wp\/wp-json\/wp\/v2\/comments?post=10325"}],"version-history":[{"count":1,"href":"https:\/\/psallite.net\/wp\/wp-json\/wp\/v2\/posts\/10325\/revisions"}],"predecessor-version":[{"id":10326,"href":"https:\/\/psallite.net\/wp\/wp-json\/wp\/v2\/posts\/10325\/revisions\/10326"}],"wp:featuredmedia":[{"embeddable":true,"href":"https:\/\/psallite.net\/wp\/wp-json\/wp\/v2\/media\/4593"}],"wp:attachment":[{"href":"https:\/\/psallite.net\/wp\/wp-json\/wp\/v2\/media?parent=10325"}],"wp:term":[{"taxonomy":"category","embeddable":true,"href":"https:\/\/psallite.net\/wp\/wp-json\/wp\/v2\/categories?post=10325"},{"taxonomy":"post_tag","embeddable":true,"href":"https:\/\/psallite.net\/wp\/wp-json\/wp\/v2\/tags?post=10325"}],"curies":[{"name":"wp","href":"https:\/\/api.w.org\/{rel}","templated":true}]}}