{"id":10323,"date":"2026-03-30T19:16:33","date_gmt":"2026-03-30T17:16:33","guid":{"rendered":"https:\/\/psallite.net\/wp\/?p=10323"},"modified":"2026-03-30T19:21:02","modified_gmt":"2026-03-30T17:21:02","slug":"domenica-di-pasqua-7","status":"publish","type":"post","link":"https:\/\/psallite.net\/wp\/2026\/03\/30\/domenica-di-pasqua-7\/","title":{"rendered":"Domenica di Pasqua"},"content":{"rendered":"<h4>La riflessione e la proposta di repertorio musicale per la liturgia<\/h4>\n<div>\n<div>\n<figure id=\"attachment_660\" aria-describedby=\"caption-attachment-660\" style=\"width: 265px\" class=\"wp-caption alignleft\"><a href=\"https:\/\/psallite.net\/wp\/wp-content\/uploads\/2020\/04\/risurrezione-piero-della-francesca.jpg\"><img loading=\"lazy\" decoding=\"async\" class=\"size-medium wp-image-660\" src=\"https:\/\/psallite.net\/wp\/wp-content\/uploads\/2020\/04\/risurrezione-piero-della-francesca-265x300.jpg\" alt=\"\" width=\"265\" height=\"300\" srcset=\"https:\/\/psallite.net\/wp\/wp-content\/uploads\/2020\/04\/risurrezione-piero-della-francesca-265x300.jpg 265w, https:\/\/psallite.net\/wp\/wp-content\/uploads\/2020\/04\/risurrezione-piero-della-francesca.jpg 730w\" sizes=\"auto, (max-width: 265px) 100vw, 265px\" \/><\/a><figcaption id=\"caption-attachment-660\" class=\"wp-caption-text\"><em>Piero della Francesca, Risurrezione, (1458-1474) Museo Civico, Sansepolcro<\/em><\/figcaption><\/figure>\n<p><strong><span style=\"color: #ff0000;\">Domenica di Pasqua<\/span><br \/>\n5 Aprile 2026<\/strong><\/div>\n<div><\/div>\n<div><strong>Preghiera di COLLETTA<\/strong><br \/>\n<em>O Padre, che in questo giorno,<\/em><br \/>\n<em>per mezzo del tuo unico Figlio,<\/em><br \/>\n<em>hai vinto la morte e ci hai aperto il passaggio alla vita eterna,<\/em><br \/>\n<em>concedi a noi, che celebriamo la Pasqua di risurrezione,<\/em><br \/>\n<em>di essere rinnovati nel tuo Spirito,<\/em><br \/>\n<em>per rinascere nella luce del Signore risorto.<\/em><br \/>\n<em>Egli \u00e8 Dio, e vive e regna con te,<\/em><br \/>\n<em>nell&#8217;unit\u00e0\u00a0 dello Spirito Santo,<\/em><br \/>\n<em>per tutti i secoli dei secoli. AMEN.<\/em><\/div>\n<p>&nbsp;<\/p>\n<div><strong>La riflessione\u00a0<\/strong><em>di Suor Maria Alessia Giovanna Pantaleo<\/em><br \/>\nLa resurrezione di Ges\u00f9 non \u00e8 un evento che appartiene al passato e di cui oggi facciamo speciale memoria. \u201cIn questo giorno\u201d Cristo ha vinto la morte: vale a dire che la sua risurrezione si compie e si ripresenta al vivo nell\u2019oggi con tutti i suoi effetti di grazia. Essa, cos\u00ec come segn\u00f2 la vita degli apostoli diventando il senso unico della loro vita e della loro missione, tocca in modo radicale la nostra esistenza.<br \/>\n\u00abSono risorto e sono sempre con te\u00bb: recita l\u2019antifona d\u2019ingresso; se dunque se Cristo \u00e8 risorto, allora egli \u00e8 vivo, presente e operante nella nostra vita e nella nostra storia, \u201cegli \u00e8 con noi tutti i giorni\u201d (cfr Mt 28,20b) e questo cambia radicalmente la nostra vita, le da\u2019 un orientamento nuovo, un significato profondo.<br \/>\nSe Cristo \u00e8 risorto, allora, anche per noi la morte \u00e8 soltanto un \u201cpassaggio\u201d dalla caducit\u00e0 della vita terrena all\u2019immortalit\u00e0 di una vita beata presso il Signore.<br \/>\nQuesta risurrezione si verifica quanto pi\u00f9 nel nostro intimo cresce il desiderio \u201cper le cose di lass\u00f9\u201d: \u00abSe dunque siete risorti con Cristo cercate le cose di lass\u00f9, dove \u00e8 Cristo, seduto alla destra di Dio: rivolgete il pensiero alle cose di lass\u00f9, non a quelle della terra \u00bb (Col 3,1-2).<\/div>\n<hr \/>\n<p><strong>Il repertorio musicale per la celebrazione eucaristica<\/strong><em>\u00a0di Don Graziano Ghisolfi<\/em><br \/>\nAbbreviazioni<br \/>\nAdV<em>: Armonia di Voci<\/em><em>\u00a0(LDC, Leumann &#8211; Torino, edizione 1997)<\/em><br \/>\nCdP<em>: Nella Casa del Padre (LDC, Leumann &#8211; Torino, edizione 1997)<br \/>\n<\/em>CD:\u00a0<em>Cantemus Domino<\/em><em>\u00a0(Repertorio Diocesi di Milano, Centro Ambrosiano, 1992)<\/em><br \/>\nLD<em>: Lodate Dio (Repertorio Diocesi di Lugano, Carrara, 1985, 3\u00b0 ed.)<\/em><br \/>\nMeA: Musica e Assemblea<em>\u00a0(EDB, Bologna)<\/em><br \/>\nRN<em>: Repertorio Nazionale di Canti per la Liturgia<br \/>\n<\/em>Psallite<em>: Repertorio di canti per la liturgia del sito web Psallite!<\/em><\/p>\n<p>Ingresso<br \/>\n<strong>ALLELUIA, GIORNO DI CRISTO RISORTO<\/strong>\u00a0(F.Rainoldi; RN 126 &#8211; CdP 532)<br \/>\n<em>oppure<\/em><br \/>\n<strong>CHRISTUS RESURREXIT<\/strong>\u00a0(J.Berthier; RN 130 &#8211; Taiz\u00e9)<br \/>\n<em>oppure<\/em><br \/>\n<strong>LA PASQUA DEL SIGNORE<\/strong>\u00a0(G.Gianolio-ignoto sec.XVII; CdP 552 &#8211; CL 215)<br \/>\n<em>oppure<\/em><br \/>\n<strong>IL SIGNORE \u00c8 DAVVERO RISORTO<\/strong>\u00a0(A.Parisi; Psallite)<\/p>\n<p>Aspersione<br \/>\n<strong>ACQUA VIVA<\/strong>\u00a0(S.Albisetti-D.Rimaud-E.Costa-F.Rainoldi; RN 123 &#8211; LD 754)<br \/>\n<em>oppure<\/em><br \/>\n<strong>ECCO L&#8217;ACQUA\u00a0<\/strong>(D.De Stefani; CL 212)Atto penitenziale<br \/>\n<strong>SIGNORE, CHE NEL TUO SANGUE<\/strong>\u00a0(N.Vitone; CdP 207)<\/p>\n<p>Inno di lode<br \/>\n<strong>GLORIA IN EXCELSIS DEO<\/strong>\u00a0(gregoriano Missa VIII &#8220;de Angelis&#8221;; RN 7 &#8211; CdP 224)<br \/>\n<em>oppure<\/em><br \/>\n<strong>GLORIA IN EXCELSIS DEO<\/strong>\u00a0(J.P.L\u00e9cot; RN 8 &#8211; CdP 223)<br \/>\n<em>oppure<\/em><br \/>\n<strong>GLORIA A DIO<\/strong>\u00a0(L.Picchi; RN 5 &#8211; CdP 220)<\/p>\n<p>Salmo responsoriale<br \/>\n<strong>QUESTO \u00c8 IL GIORNO CHE HA FATTO IL SIGNORE<\/strong> \u00a0(<a href=\"https:\/\/www.teleradiopadrepio.it\/wp-content\/uploads\/Impagliatelli-salmo-pasqua-risurrezione-1.pdf\" target=\"_blank\" rel=\"noopener\">pdf<\/a>\/<a href=\"https:\/\/www.teleradiopadrepio.it\/wp-content\/uploads\/salmo-pasqua-di-risurrezione-1.mp3\" target=\"_blank\" rel=\"noopener\">mp3<\/a> da <em>Convento Santuario di San Pio da Pietrelcina)<\/em><br \/>\n<em>oppure<br \/>\n<\/em><div class='w3eden'><!-- WPDM Link Template: Default Template -->\n\n<div class=\"link-template-default card mb-2\">\n    <div class=\"card-body\">\n        <div class=\"media\">\n            <div class=\"mr-3 img-48\"><img decoding=\"async\" class=\"wpdm_icon\" alt=\"Icona\"   src=\"http:\/\/psallite.net\/wp\/wp-content\/plugins\/download-manager\/assets\/file-type-icons\/pdf.svg\" \/><\/div>\n            <div class=\"media-body\">\n                <h3 class=\"package-title\"><a href='https:\/\/psallite.net\/wp\/download\/salmi-responsoriali-del-tempo-di-pasqua-anno-b\/'>SALMI RESPONSORIALI del Tempo di Pasqua-anno B<\/a><\/h3>\n                <div class=\"text-muted text-small\"><i class=\"fas fa-copy\"><\/i> 1 file <i class=\"fas fa-hdd ml-3\"><\/i> 523 KB<\/div>\n            <\/div>\n            <div class=\"ml-3\">\n                <a class='wpdm-download-link download-on-click btn btn-primary ' rel='nofollow' href='#' data-downloadurl=\"https:\/\/psallite.net\/wp\/download\/salmi-responsoriali-del-tempo-di-pasqua-anno-b\/?wpdmdl=2711&refresh=69f3d5447cb1a1777587524\">Download<\/a>\n            <\/div>\n        <\/div>\n    <\/div>\n<\/div>\n\n<\/div><\/p>\n<p>Sequenza<br \/>\n<strong>VICTIMAE PASCHALI<\/strong>\u00a0(gregoriano)<\/p>\n<p>Canto al Vangelo<br \/>\n<strong>ALLELUIA. LA SANTA PASQUA<\/strong>\u00a0<em><strong>(Alleluia, O filii et filiae)\u00a0<\/strong><\/em>(S.Albisetti; RN 127 &#8211; CdP 134 &#8211; CD 289 &#8211; LD 627)<\/p>\n<p>Professione di fede<br \/>\n<strong>CREDO, SIGNORE<\/strong>\u00a0(<em>vedi\u00a0<\/em>CdP 291-293)<br \/>\n<em>oppure\u00a0<\/em><br \/>\n<strong>CREDO, SIGNORE<\/strong>\u00a0(A.Parisi; O Notte gloriosa, Paoline p. 31)<\/p>\n<p>Presentazione dei doni<br \/>\n<strong>CRISTO \u00c8 RISORTO<\/strong>\u00a0(S.Albisetti-ignoto sec.XII; RN 131 &#8211; LD 627)<br \/>\n<em>oppure<\/em><br \/>\n<strong>CRISTO \u00c8 RISORTO, ALLELUIA!<\/strong>\u00a0(M.Piatti-G.F.Haendel; RN 172 &#8211; CdP 541)<\/p>\n<p>Santo<br \/>\n<strong>SANTO\u00a0<\/strong>(J.Dykes; RN 22ord &#8211; CdP 316)<\/p>\n<p>Anamnesi<br \/>\n<strong>ANNUNCIAMO LA TUA MORTE, SIGNORE<\/strong>\u00a0(G.Stefani; RN 26 &#8211; CdP 327)<\/p>\n<p>Dossologia<br \/>\n<strong>AMEN!\u00a0<\/strong>(G.M.Rossi; RN 32 &#8211; CdP 342)<\/p>\n<p>Frazione del pane<br \/>\n<strong>AGNELLO DI DIO\u00a0<\/strong>(D.Stefani; RN 38 &#8211; CdP 382)<\/p>\n<p>Comunione<br \/>\n<strong>CRISTO RISUSCITI<\/strong>\u00a0(G.Stefani-ignoto sec.XII; CdP 547)<br \/>\n<em>oppure<\/em><br \/>\n<strong>NEI CIELI UN GRIDO RISUONO&#8217;<\/strong>\u00a0(G.Stefani-M.Greiter; RN 180 &#8211; CdP 555)<br \/>\n<em>oppure<\/em><br \/>\n<strong>CRISTO HA VINTO LA MORTE:\u00a0<em>tropario di Pasqua<\/em>\u00a0<\/strong>(M.Rinaldi-F.Meneghello; Psallite)<br \/>\n<em>oppure<\/em><br \/>\n<strong>CRISTO NOSTRA PASQUA \u00c8 STATO IMMOLATO<\/strong>\u00a0(A.Parisi; Psallite)<\/p>\n<p>Congedo<br \/>\n<strong>CRISTO SPLENDORE DEL PADRE<\/strong>\u00a0(F.Rainoldi-J.Berthier; RN 175 &#8211; CdP 634)<\/p>\n<\/div>\n","protected":false},"excerpt":{"rendered":"<p>La riflessione e la proposta di repertorio musicale per la liturgia Domenica di Pasqua 5 Aprile 2026 Preghiera di COLLETTA<\/p>\n","protected":false},"author":1,"featured_media":660,"comment_status":"closed","ping_status":"closed","sticky":false,"template":"","format":"standard","meta":{"colormag_page_container_layout":"default_layout","colormag_page_sidebar_layout":"default_layout","_jetpack_memberships_contains_paid_content":false,"footnotes":"","jetpack_publicize_message":"","jetpack_publicize_feature_enabled":true,"jetpack_social_post_already_shared":true,"jetpack_social_options":{"image_generator_settings":{"template":"highway","default_image_id":0,"font":"","enabled":false},"version":2}},"categories":[2],"tags":[57,62,58,27],"class_list":["post-10323","post","type-post","status-publish","format-standard","has-post-thumbnail","hentry","category-cantare-il-giorno-del-signore","tag-don-graziano-ghisolfi","tag-pasqua","tag-suor-maria-alessia-pantaleo-ajc","tag-tempo-di-pasqua"],"views":133,"jetpack_publicize_connections":[],"jetpack_featured_media_url":"https:\/\/psallite.net\/wp\/wp-content\/uploads\/2020\/04\/risurrezione-piero-della-francesca.jpg","jetpack_sharing_enabled":true,"jetpack_likes_enabled":true,"_links":{"self":[{"href":"https:\/\/psallite.net\/wp\/wp-json\/wp\/v2\/posts\/10323","targetHints":{"allow":["GET"]}}],"collection":[{"href":"https:\/\/psallite.net\/wp\/wp-json\/wp\/v2\/posts"}],"about":[{"href":"https:\/\/psallite.net\/wp\/wp-json\/wp\/v2\/types\/post"}],"author":[{"embeddable":true,"href":"https:\/\/psallite.net\/wp\/wp-json\/wp\/v2\/users\/1"}],"replies":[{"embeddable":true,"href":"https:\/\/psallite.net\/wp\/wp-json\/wp\/v2\/comments?post=10323"}],"version-history":[{"count":1,"href":"https:\/\/psallite.net\/wp\/wp-json\/wp\/v2\/posts\/10323\/revisions"}],"predecessor-version":[{"id":10324,"href":"https:\/\/psallite.net\/wp\/wp-json\/wp\/v2\/posts\/10323\/revisions\/10324"}],"wp:featuredmedia":[{"embeddable":true,"href":"https:\/\/psallite.net\/wp\/wp-json\/wp\/v2\/media\/660"}],"wp:attachment":[{"href":"https:\/\/psallite.net\/wp\/wp-json\/wp\/v2\/media?parent=10323"}],"wp:term":[{"taxonomy":"category","embeddable":true,"href":"https:\/\/psallite.net\/wp\/wp-json\/wp\/v2\/categories?post=10323"},{"taxonomy":"post_tag","embeddable":true,"href":"https:\/\/psallite.net\/wp\/wp-json\/wp\/v2\/tags?post=10323"}],"curies":[{"name":"wp","href":"https:\/\/api.w.org\/{rel}","templated":true}]}}