{"id":10178,"date":"2026-03-28T05:00:55","date_gmt":"2026-03-28T04:00:55","guid":{"rendered":"https:\/\/psallite.net\/wp\/?p=10178"},"modified":"2026-01-29T17:24:28","modified_gmt":"2026-01-29T16:24:28","slug":"il-triduo-pasquale-veglia-pasquale-6","status":"publish","type":"post","link":"https:\/\/psallite.net\/wp\/2026\/03\/28\/il-triduo-pasquale-veglia-pasquale-6\/","title":{"rendered":"Il Triduo Pasquale. Veglia Pasquale"},"content":{"rendered":"<h4>La riflessione e la proposta di repertorio musicale per la liturgia<\/h4>\n<p><strong><span style=\"color: #ff0000;\"><a href=\"https:\/\/psallite.net\/wp\/wp-content\/uploads\/2021\/03\/cero-pasquale-5043796_640.jpg\"><img loading=\"lazy\" decoding=\"async\" class=\"size-medium wp-image-2701 alignleft\" src=\"https:\/\/psallite.net\/wp\/wp-content\/uploads\/2021\/03\/cero-pasquale-5043796_640-300x200.jpg\" alt=\"\" width=\"300\" height=\"200\" srcset=\"https:\/\/psallite.net\/wp\/wp-content\/uploads\/2021\/03\/cero-pasquale-5043796_640-300x200.jpg 300w, https:\/\/psallite.net\/wp\/wp-content\/uploads\/2021\/03\/cero-pasquale-5043796_640.jpg 640w\" sizes=\"auto, (max-width: 300px) 100vw, 300px\" \/><\/a><\/span><\/strong><\/p>\n<p><span style=\"color: #ff0000;\"><strong>Veglia Pasquale nella Notte Santa<\/strong><\/span><br \/>\n<strong>4 aprile 2026<\/strong><\/p>\n<p>Preghiera di COLLETTA<br \/>\n<em>O Dio, che illumini questa santissima notte<br \/>\ncon la gloria della risurrezione del Signore,<br \/>\nravviva nella tua famiglia lo spirito di adozione,<br \/>\nperch\u00e9 tutti i tuoi figli, rinnovati nel corpo e nell&#8217;anima<br \/>\nsiano sempre fedeli al tuo servizio.<br \/>\nPer il nostro Signore Ges\u00f9 Cristo,<br \/>\ntuo Figlio, che \u00e8 Dio, e vive e regna con te,<br \/>\nnell&#8217;unit\u00e0 dello Spirito Santo,<br \/>\nper tutti i secoli dei secoli. AMEN.<\/em><\/p>\n<p><strong>La riflessione\u00a0<\/strong><em>di Suor Maria Alessia Giovanna Pantaleo<br \/>\n<\/em>Sono soprattutto due, tra i tanti, i segni presenti in questa solenne liturgia che stanno ad esprimere il grande mistero in essa celebrato: il cero pasquale e l\u2019acqua battesimale. Il cero \u00e8 simbolo della \u201cnuova luce\u201d che \u00e8 Cristo: come il cero pasquale con la sua fiamma illumina le tenebre di questa notte, cos\u00ec Cristo risorto e vittorioso ha dissipato le tenebre del peccato e della morte. Egli \u00e8 l\u2019Alfa e l\u2019Omega, il Principio e la Fine e su di lui rimangono visibili, anche dopo la risurrezione, i segni della passione: le sue piaghe gloriose dalle quali abbiamo ricevuto \u201ce grazia su grazia\u201d.<br \/>\nDal suo costato trafitto \u00e8 scaturito il tesoro di grazia racchiuso nei sacramenti, in primis nel battesimo, fondamento di tutta la vita cristiana. Con l\u2019acqua battesimale, dono del crocifisso risorto, veniamo resi figli nel Figlio, membra vive del corpo di Cristo e rigenerati \u00abper una speranza viva, per una eredit\u00e0 che non si corrompe, non si macchia e non marcisce\u00bb (1Pt 1,3-4).<br \/>\nLa strada battuta dal maestro \u00e8 la stessa che il discepolo \u00e8 chiamato a percorrere: \u00abCerta \u00e8 questa parola: se moriamo con lui, con lui anche vivremo; se perseveriamo, con lui anche regneremo\u00bb (2Tm 2,11-12).<\/p>\n<hr \/>\n<p><strong>Il repertorio musicale per la celebrazione eucaristica<\/strong><em>\u00a0di Don Graziano Ghisolfi<\/em><\/p>\n<p>Abbreviazioni<br \/>\nAdV<em>: Armonia di Voci<\/em><em>\u00a0(LDC, Leumann &#8211; Torino, edizione 1997)<\/em><br \/>\nCdP<em>: Nella Casa del Padre (LDC, Leumann &#8211; Torino, edizione 1997)<br \/>\n<\/em>LD<em>: Lodate Dio (Repertorio Diocesi di Lugano, Carrara, 1985, 3\u00b0 ed.)<\/em><br \/>\nMeA: Musica e Assemblea<em>\u00a0(EDB, Bologna)<\/em><br \/>\nRN<em>: Repertorio Nazionale di Canti per la Liturgia<br \/>\n<\/em>Psallite<em>: Repertorio di canti per la liturgia del sito web Psallite!<\/em><\/p>\n<p>I suggerimenti che seguono sono desunti da:<br \/>\nF.GOMIERO,\u00a0<strong>Cantare nel Triduo Pasquale<\/strong>, in D.PIAZZI (a cura di), Preparare e celebrare il Triduo Pasquale, Queriniana, Brescia 2003.<\/p>\n<p>Proposte globali:<br \/>\nA.PARISI,\u00a0<strong>O notte gloriosa<\/strong>, Paoline 1995<br \/>\nAA.VV.,\u00a0<strong>Veglia Pasquale<\/strong>,\u00a0<strong><em>Canti per la Liturgia della Veglia<\/em><\/strong>, Paoline 2002<\/p>\n<p>Invocazione della luce<br \/>\n<strong>VIENI, STELLA DEL MATTINO<\/strong>\u00a0(D.Machetta; RN 252 &#8211; CdP 761)<br \/>\n<em>oppure<\/em><br \/>\n<strong>CONDUCIMI TU<\/strong>\u00a0(AdV 1\/87)<br \/>\n<em>oppure<br \/>\n<\/em><strong>SALMO 129<\/strong>\u00a0(MeA 2\/88)<br \/>\n<em>oppure<\/em><br \/>\n<strong>NOI VEGLIEREMO<\/strong>\u00a0(D.Machetta; RN 236 &#8211; CdP 690)<br \/>\n<em>oppure<\/em><br \/>\n<strong>TU QUANDO VERRAI<\/strong>\u00a0(G.F.Poma-H.Isaac; RN 249 &#8211; CdP 451)<\/p>\n<p>Accensione del fuoco e benedizione<br \/>\n<strong>IL FUOCO DELLA PASQUA<\/strong>\u00a0(A.Parisi; O notte gloriosa, Paoline p. 5)<\/p>\n<p>Preparazione e accensione del cero<br \/>\n<strong>SORGETE DAL SONNO<\/strong>\u00a0(B.Huijbers; CdP 730)<br \/>\n<em>oppure<\/em><br \/>\n<strong>IL SIGNORE \u00c8 LA LUCE<\/strong>\u00a0(M.Giombini; CdP 278)<br \/>\n<em>oppure<\/em><br \/>\n<strong>LUCE SPLENDA NELLA NOTTE<\/strong>\u00a0(D.M.Turoldo-D.Stefani; CdP 11)<\/p>\n<p>Processione verso la chiesa<br \/>\n<strong>LUMEN CHRISTI<\/strong>\u00a0(gregoriano)<br \/>\n<em>oppure<\/em><br \/>\n<strong>CRISTO, LUCE DEL MONDO<\/strong>\u00a0(Messale &#8211; RN 104 &#8211; CdP 527)<br \/>\n<em>oppure<\/em><br \/>\n<strong>O LUCE RADIOSA<\/strong>\u00a0(G.Sobrero-J.Gelineau; RN 105 &#8211; CdP 280)<\/p>\n<p>In chiesa<br \/>\n<strong>TU SEI COME ROCCIA<\/strong>\u00a0(G.F.Poma-Salterio ginevrino; CdP 745)<\/p>\n<p>Annuncio Pasquale<br \/>\n<strong>PASQUA \u00c8 GIOIA<\/strong>\u00a0(F.Rainoldi; AdV 2\/1977)<br \/>\n<em>oppure<\/em><br \/>\n<strong>ANNUNCIO PASQUALE<\/strong>\u00a0(A.Parisi; O notte gloriosa, Paoline &#8211; Psallite)<br \/>\n<em>oppure<\/em><br \/>\n<strong>ESULTI IL CORO DEGLI ANGELI<\/strong>\u00a0(M.Frisina; Veglia Pasquale, Paoline)<\/p>\n<p>Salmi responsoriali<br \/>\n<div class='w3eden'><!-- WPDM Link Template: Default Template -->\n\n<div class=\"link-template-default card mb-2\">\n    <div class=\"card-body\">\n        <div class=\"media\">\n            <div class=\"mr-3 img-48\"><img decoding=\"async\" class=\"wpdm_icon\" alt=\"Icona\"   src=\"http:\/\/psallite.net\/wp\/wp-content\/plugins\/download-manager\/assets\/file-type-icons\/pdf.svg\" \/><\/div>\n            <div class=\"media-body\">\n                <h3 class=\"package-title\"><a href='https:\/\/psallite.net\/wp\/download\/salmi-responsoriali-veglia-pasquale\/'>SALMI RESPONSORIALI Veglia Pasquale<\/a><\/h3>\n                <div class=\"text-muted text-small\"><i class=\"fas fa-copy\"><\/i> 1 file <i class=\"fas fa-hdd ml-3\"><\/i> 549 KB<\/div>\n            <\/div>\n            <div class=\"ml-3\">\n                <a class='wpdm-download-link download-on-click btn btn-primary ' rel='nofollow' href='#' data-downloadurl=\"https:\/\/psallite.net\/wp\/download\/salmi-responsoriali-veglia-pasquale\/?wpdmdl=2619&refresh=69f2a62b7aa6a1777509931\">Download<\/a>\n            <\/div>\n        <\/div>\n    <\/div>\n<\/div>\n\n<\/div><br \/>\n<em>oppure<br \/>\n<\/em><div class='w3eden'><!-- WPDM Link Template: Default Template -->\n\n<div class=\"link-template-default card mb-2\">\n    <div class=\"card-body\">\n        <div class=\"media\">\n            <div class=\"mr-3 img-48\"><img decoding=\"async\" class=\"wpdm_icon\" alt=\"Icona\"   src=\"http:\/\/psallite.net\/wp\/wp-content\/plugins\/download-manager\/assets\/file-type-icons\/pdf.svg\" \/><\/div>\n            <div class=\"media-body\">\n                <h3 class=\"package-title\"><a href='https:\/\/psallite.net\/wp\/download\/salmi-responsoriali-veglia-pasquale-suor-maria-alessia-pantaleo\/'>SALMI RESPONSORIALI Veglia Pasquale [Suor Maria Alessia Pantaleo]<\/a><\/h3>\n                <div class=\"text-muted text-small\"><i class=\"fas fa-copy\"><\/i> 1 file <i class=\"fas fa-hdd ml-3\"><\/i> 1 MB<\/div>\n            <\/div>\n            <div class=\"ml-3\">\n                <a class='wpdm-download-link download-on-click btn btn-primary ' rel='nofollow' href='#' data-downloadurl=\"https:\/\/psallite.net\/wp\/download\/salmi-responsoriali-veglia-pasquale-suor-maria-alessia-pantaleo\/?wpdmdl=4464&refresh=69f2a62b98f5a1777509931\">Download<\/a>\n            <\/div>\n        <\/div>\n    <\/div>\n<\/div>\n\n<\/div><\/p>\n<p>Inno di Lode<br \/>\n<strong>GLORIA IN EXCELSIS DEO<\/strong>\u00a0(gregoriano &#8211; CdP 224)<br \/>\n<em>oppure<\/em><br \/>\n<strong>GLORIA IN EXCELSIS DEO<\/strong>\u00a0(J.P.L\u00e9cot; RN 8ord &#8211; CdP 223)<br \/>\n<em>oppure<\/em><br \/>\n<strong>GLORIA A DIO<\/strong>\u00a0(L.Picchi; RN 5ord &#8211; CdP 220)<\/p>\n<p>Alleluia<br \/>\n<em>vedi in<\/em>\u00a0RN 11ord &#8211; CdP 246<br \/>\n<em>vedi in<\/em>\u00a0RN 12ord &#8211; CdP 245<br \/>\n<em>vedi in<\/em>\u00a0CdP 247<br \/>\n<em>vedi in<\/em>\u00a0RN 118 &#8211; LD 617<br \/>\n<em>vedi in<\/em>\u00a0RN 119 &#8211; O Notte Gloriosa, Paoline p. 27<\/p>\n<p>Litanie dei santi<br \/>\n<em>vedi in<\/em>\u00a0O Notte gloriosa, p.29<br \/>\n<em>vedi in<\/em>\u00a0RN 120 &#8211; CdP 531<br \/>\n<em>vedi in<\/em>\u00a0RN 121 &#8211; CdP 530<\/p>\n<p>Benedizione dell&#8217;acqua<br \/>\n<strong>SORGENTE D&#8217;ACQUA<\/strong>\u00a0(N.Vitone; RN 122 &#8211; AdV 1972 n. 1-2)<br \/>\n<em>oppure<\/em><br \/>\n<strong>GLORIA A TE, O SIGNORE<\/strong>\u00a0(F.Rainoldi; CdP 414)<br \/>\n<em>oppure<\/em><br \/>\n<strong>NOI TI LODIAMO E TI BENEDICIAMO<\/strong>\u00a0(A.Gazzera-P.Damilano; CdP 424)<\/p>\n<p>Rinuncia e professione di fede<br \/>\n<strong>CREDO, SIGNORE<\/strong>\u00a0(<em>vedi in<\/em>\u00a0CdP 291-293\u00a0<em>oppure\u00a0<\/em>O Notte gloriosa, Paoline p. 31)<\/p>\n<p>Dopo i battesimi e all&#8217;aspersione<br \/>\n<strong>ALLELUIA, OGGI LA CHIESA<\/strong>\u00a0(M.Giombini; CdP 258)<br \/>\n<em>oppure<\/em><br \/>\n<strong>NELL&#8217;ACQUA CHE DISTRUGGE<\/strong>\u00a0(S.Albisetti-F.Rainoldi-S.Marcian\u00f2; RN 140 &#8211; CD 557 &#8211; LD 792)<br \/>\n<em>oppure<\/em><br \/>\n<strong>ACQUA VIVA<\/strong>\u00a0(S.Albisetti-D.Rimaud-E.Costa-F.Rainoldi; RN 123 &#8211; LD 754)<\/p>\n<p>Alla Confermazione<br \/>\n<strong>VIENI SANTO SPIRITO<\/strong>\u00a0(M.Piatti; CdP 568)<br \/>\n<em>oppure<\/em><br \/>\n<strong>VENI, SANCTE SPIRITUS<\/strong>\u00a0(J.Berthier; CdP 826)<\/p>\n<p>Comunione<br \/>\n<strong>ANDIAMO CON GIOIA ALLA MENSA<\/strong>\u00a0(F.Gomiero-J.Berthier; MeA 1\/2002)<br \/>\n<em>oppure<\/em><br \/>\n<strong>NULLA CON TE MI MANCHER\u00e0\u20ac<\/strong>\u00a0(F.Rainoldi-C.Goudimel; RN 305 &#8211; CdP 689)<br \/>\n<em>oppure<\/em><br \/>\n<strong>CRISTO NOSTRA PASQUA<\/strong>\u00a0(G.M.Rossi; RN 124 &#8211; CdP 407)<\/p>\n<p>Canto dopo la comunione o canto finale<br \/>\n<strong>GIOIA DEL CUORE<\/strong>\u00a0(F.Rainoldi-E.Costa-G.G.Gastoldi; RN 222 &#8211; CdP 648)<br \/>\n<em>oppure<\/em><br \/>\n<strong>SURREXIT CHRISTUS ALLELUIA<\/strong>\u00a0(J.Berthier; RN 147 &#8211; CdP 157)<\/p>\n","protected":false},"excerpt":{"rendered":"<p>La riflessione e la proposta di repertorio musicale per la liturgia Veglia Pasquale nella Notte Santa 4 aprile 2026 Preghiera<\/p>\n","protected":false},"author":1,"featured_media":2701,"comment_status":"closed","ping_status":"closed","sticky":false,"template":"","format":"standard","meta":{"colormag_page_container_layout":"default_layout","colormag_page_sidebar_layout":"default_layout","_jetpack_memberships_contains_paid_content":false,"footnotes":"","jetpack_publicize_message":"","jetpack_publicize_feature_enabled":true,"jetpack_social_post_already_shared":true,"jetpack_social_options":{"image_generator_settings":{"template":"highway","default_image_id":0,"font":"","enabled":false},"version":2}},"categories":[2],"tags":[108,57,58,29],"class_list":["post-10178","post","type-post","status-publish","format-standard","has-post-thumbnail","hentry","category-cantare-il-giorno-del-signore","tag-anno-b","tag-don-graziano-ghisolfi","tag-suor-maria-alessia-pantaleo-ajc","tag-veglia-pasquale"],"views":101,"jetpack_publicize_connections":[],"jetpack_featured_media_url":"https:\/\/psallite.net\/wp\/wp-content\/uploads\/2021\/03\/cero-pasquale-5043796_640.jpg","jetpack_sharing_enabled":true,"jetpack_likes_enabled":true,"_links":{"self":[{"href":"https:\/\/psallite.net\/wp\/wp-json\/wp\/v2\/posts\/10178","targetHints":{"allow":["GET"]}}],"collection":[{"href":"https:\/\/psallite.net\/wp\/wp-json\/wp\/v2\/posts"}],"about":[{"href":"https:\/\/psallite.net\/wp\/wp-json\/wp\/v2\/types\/post"}],"author":[{"embeddable":true,"href":"https:\/\/psallite.net\/wp\/wp-json\/wp\/v2\/users\/1"}],"replies":[{"embeddable":true,"href":"https:\/\/psallite.net\/wp\/wp-json\/wp\/v2\/comments?post=10178"}],"version-history":[{"count":1,"href":"https:\/\/psallite.net\/wp\/wp-json\/wp\/v2\/posts\/10178\/revisions"}],"predecessor-version":[{"id":10179,"href":"https:\/\/psallite.net\/wp\/wp-json\/wp\/v2\/posts\/10178\/revisions\/10179"}],"wp:featuredmedia":[{"embeddable":true,"href":"https:\/\/psallite.net\/wp\/wp-json\/wp\/v2\/media\/2701"}],"wp:attachment":[{"href":"https:\/\/psallite.net\/wp\/wp-json\/wp\/v2\/media?parent=10178"}],"wp:term":[{"taxonomy":"category","embeddable":true,"href":"https:\/\/psallite.net\/wp\/wp-json\/wp\/v2\/categories?post=10178"},{"taxonomy":"post_tag","embeddable":true,"href":"https:\/\/psallite.net\/wp\/wp-json\/wp\/v2\/tags?post=10178"}],"curies":[{"name":"wp","href":"https:\/\/api.w.org\/{rel}","templated":true}]}}